{"id":7813,"date":"2023-01-02T10:36:49","date_gmt":"2023-01-02T10:36:49","guid":{"rendered":"https:\/\/blog.valamar.com\/?p=7813"},"modified":"2023-12-29T12:48:42","modified_gmt":"2023-12-29T12:48:42","slug":"ein-neuer-trend-slow-travel","status":"publish","type":"post","link":"https:\/\/blog.valamar.com\/de\/ein-neuer-trend-slow-travel\/","title":{"rendered":"Ein neuer Trend: Slow Travel \u2013 damit es beim Reisen wieder ums Reisen geht"},"content":{"rendered":"<p>Nach Angaben der <strong>Welttourismusorganisation<\/strong> ist die Zahl der Anreisetage seit den 1950er-Jahren weltweit stetig gestiegen. 2019 betrug sie 1,5 Milliarden. Das war ein Rekordjahr mit einem Anstieg von 4 % gegen\u00fcber dem Vorjahr. Gleiches wurde f\u00fcr 2020 erwartet. Doch dann kam es zur langen Unterbrechung durch die Pandemie, und die Zahlen fielen um 73 % unter den Stand von 1989. Der Wandel war abrupt und betraf die Branche wie auch die Einstellung der Reisenden.<\/p>\n<p>Die Zukunft des Reisens, so wie wir es kannten, wurde zur gro\u00dfen Unbekannten. Die sich st\u00e4ndig ver\u00e4ndernden Testregeln, Einreisebestimmungen und Flugpl\u00e4ne machten es f\u00fcr uns schwer, unseren Globetrotter-Gel\u00fcsten zu fr\u00f6nen.<\/p>\n<p><a href=\"https:\/\/blog.valamar.com\/wp-content\/uploads\/2022\/12\/people_traveling.jpg\"><img loading=\"lazy\" decoding=\"async\" width=\"1600\" height=\"988\" class=\"alignnone size-full wp-image-7807\" src=\"https:\/\/blog.valamar.com\/wp-content\/uploads\/2022\/12\/people_traveling.jpg\" alt=\"people traveling by car\" srcset=\"https:\/\/blog.valamar.com\/wp-content\/uploads\/2022\/12\/people_traveling.jpg 1600w, https:\/\/blog.valamar.com\/wp-content\/uploads\/2022\/12\/people_traveling-250x154.jpg 250w, https:\/\/blog.valamar.com\/wp-content\/uploads\/2022\/12\/people_traveling-700x432.jpg 700w, https:\/\/blog.valamar.com\/wp-content\/uploads\/2022\/12\/people_traveling-768x474.jpg 768w, https:\/\/blog.valamar.com\/wp-content\/uploads\/2022\/12\/people_traveling-1536x948.jpg 1536w, https:\/\/blog.valamar.com\/wp-content\/uploads\/2022\/12\/people_traveling-120x74.jpg 120w\" sizes=\"auto, (max-width: 1600px) 100vw, 1600px\" \/><\/a><\/p>\n<p>Aber pl\u00f6tzlich traten die guten Dinge in den Vordergrund, die passieren, wenn wir es mit dem Reisen nicht so \u00fcbertreiben. Nun schw\u00e4rmten die Einheimischen in touristischen Hotspots wie <a href=\"https:\/\/blog.valamar.com\/de\/das-beste-von-dubrovnik\/\" target=\"_blank\" rel=\"noopener\"><strong>Dubrovnik<\/strong><\/a> davon, die Stadt wieder f\u00fcr sich zu haben. Die Fotos von Fischen in den Kan\u00e4len von Venedig schwirrten so schnell um den Globus, wie es die Reisenden einst taten. Berichte \u00fcber die Kohlenstoffemissionen im Jahr 2020, die endlich mit dem Pariser Abkommen von 2015 in Einklang standen, wurden zum Thema in den Medien. \u201eDiese Zeit hat wirklich die Frage aufgeworfen, ob die Menschen \u00fcberhaupt reisen sollten. Und falls ja, wie sie dies auf eine achtsamere Art und Weise tun k\u00f6nnen. Das bildet die Grundlage daf\u00fcr, dass Slow Travel allt\u00e4glicher wird\u201c, sagt<strong> JoAnna Haugen<\/strong>, Gr\u00fcnderin von Rooted, einer L\u00f6sungsplattform an der Schnittstelle von Storytelling, Nachhaltigkeit und gesellschaftlichen Auswirkungen.<\/p>\n<p>Slow Travel ist nicht neu. Bereits mit der Slow-Food-Bewegung, die in den sp\u00e4ten 1980er-Jahren in Italien aufkam, begann Slow Travel als Suche nach CO2-armen Alternativen zu Fl\u00fcgen und Autofahrten. Aber seit die Jagd nach der Bucket List in den Massentourismus Einzug hielt, stand der Begriff auch f\u00fcr einen langsameren Konsum. \u201eDas Herzst\u00fcck des langsamen Reisens liegt im Wort selbst \u2212 sich buchst\u00e4blich zu entschleunigen, indem man sich mehr Zeit nimmt, um die Reiseziele kennenzulernen, nicht von Ort zu Ort zu hetzen, sondern Priorit\u00e4ten zu setzen, anstatt alles machen zu wollen. Aber es geht auch darum, sich bewusst Zeit f\u00fcr Selbstreflexion und kritisches Nachdenken \u00fcber das Reisen zu nehmen\u201c, erkl\u00e4rt Haugen.<\/p>\n<p><a href=\"https:\/\/blog.valamar.com\/wp-content\/uploads\/2022\/12\/people_boat.jpg\"><img loading=\"lazy\" decoding=\"async\" width=\"1600\" height=\"1067\" class=\"alignnone size-full wp-image-7809\" src=\"https:\/\/blog.valamar.com\/wp-content\/uploads\/2022\/12\/people_boat.jpg\" alt=\"People on a boat\" srcset=\"https:\/\/blog.valamar.com\/wp-content\/uploads\/2022\/12\/people_boat.jpg 1600w, https:\/\/blog.valamar.com\/wp-content\/uploads\/2022\/12\/people_boat-250x167.jpg 250w, https:\/\/blog.valamar.com\/wp-content\/uploads\/2022\/12\/people_boat-700x467.jpg 700w, https:\/\/blog.valamar.com\/wp-content\/uploads\/2022\/12\/people_boat-768x512.jpg 768w, https:\/\/blog.valamar.com\/wp-content\/uploads\/2022\/12\/people_boat-1536x1024.jpg 1536w, https:\/\/blog.valamar.com\/wp-content\/uploads\/2022\/12\/people_boat-120x80.jpg 120w\" sizes=\"auto, (max-width: 1600px) 100vw, 1600px\" \/><\/a><\/p>\n<p>F\u00fcr <strong>Charlie Brown<\/strong>, eine freiberufliche Autorin, die jetzt dauerhaft langsam reist, ist \u201eSlow Travel vor allem eine Geisteshaltung\u201c. Im Oktober 2020 verkauften Brown und ihr Mann das Weingesch\u00e4ft, das sie acht Jahre lang gef\u00fchrt hatten, um Teil der weltweit wachsenden Gemeinschaft der digitalen Nomaden zu werden. \u201eWir verbringen gern mindestens einen Monat an jedem Ort\u201c, sagt Brown. Doch die Pandemie hielt die Browns f\u00fcnf Monate lang in Spanien und drei Monate in Kroatien fest.<\/p>\n<p>W\u00e4hrend ihres Aufenthalts in Kroatien nahm Brown an dem ersten einmonatigen Digital-Nomads-in-Residence-Projekt in Dubrovnik teil, wo sie an einer Reihe von Workshops mitarbeitete. Die Idee dahinter war, Wege zu finden, wie Dubrovnik digitalen Nomaden besser gerecht werden k\u00f6nne, aber auch grunds\u00e4tzlich, wie das Tourismusangebot zu diversifizieren sei. \u201eWir hatten das Gl\u00fcck, Menschen zu treffen, die in Kroatien leben und es lieben, die uns das Land so zeigen konnten, wie es wirklich ist. Aber wir trafen auch auf eine bl\u00fchende Nomadengemeinschaft\u201c, so Brown. Die Vorteile des Slow Travels seien nicht von einem Zeitfenster abh\u00e4ngig. Dazu geh\u00f6re auch, dass weniger Flugzeuge am Himmel fl\u00f6gen und dass man einen Mehrwert f\u00fcr die lokale Gemeinschaft schaffe, indem man an einem Ort lebt, anstatt dort nur Urlaub zu verbringen. \u201eEs geht darum, sich die Zeit zu nehmen, einen Ort kennenzulernen. Es geht darum, unter die Oberfl\u00e4che zu gehen, sich in eine Gemeinschaft einzuf\u00fcgen, und sei es auch nur f\u00fcr kurze Zeit, und dort einen Beitrag zu leisten\u201c, sagt Brown weiter.<\/p>\n<p><a href=\"https:\/\/blog.valamar.com\/wp-content\/uploads\/2022\/12\/sunbathing_area.jpg\"><img loading=\"lazy\" decoding=\"async\" width=\"1600\" height=\"1114\" class=\"alignnone size-full wp-image-7811\" src=\"https:\/\/blog.valamar.com\/wp-content\/uploads\/2022\/12\/sunbathing_area.jpg\" alt=\"Woman sunbathing\" srcset=\"https:\/\/blog.valamar.com\/wp-content\/uploads\/2022\/12\/sunbathing_area.jpg 1600w, https:\/\/blog.valamar.com\/wp-content\/uploads\/2022\/12\/sunbathing_area-250x174.jpg 250w, https:\/\/blog.valamar.com\/wp-content\/uploads\/2022\/12\/sunbathing_area-700x487.jpg 700w, https:\/\/blog.valamar.com\/wp-content\/uploads\/2022\/12\/sunbathing_area-768x535.jpg 768w, https:\/\/blog.valamar.com\/wp-content\/uploads\/2022\/12\/sunbathing_area-1536x1069.jpg 1536w, https:\/\/blog.valamar.com\/wp-content\/uploads\/2022\/12\/sunbathing_area-120x84.jpg 120w\" sizes=\"auto, (max-width: 1600px) 100vw, 1600px\" \/><\/a><\/p>\n<p>Zum Mehrwert des langsamen Reisens geh\u00f6rt heute auch eine sanfte Reiselogistik. Aber auch wenn die weltweiten Tourismuszahlen f\u00fcr 2021 eher an das langsame 2020 als an das eilige 2019 erinnern, warnt Haugen: \u201eEs gibt zwar viele Menschen, die sich in naher Zukunft f\u00fcr langsames Reisen begeistern, aber genauso viele, die auf den Jetzt-erst-recht-Zug Richtung Tourismus aufspringen.\u201c<\/p>\n<p>Bevor wir unseren n\u00e4chsten Flug buchen, empfiehlt Haugen, sich Zeit zu nehmen und sich zu fragen, warum wir irgendwohin reisen wollen und wie wir die Voraussetzungen f\u00fcr mehr Raum und Zeit schaffen k\u00f6nnen. \u201eDie unvergesslichsten Momente auf Reisen sind oft nicht die, die in einem vollgepackten Reiseplan stehen. Es sind die unerwarteten Gespr\u00e4che, die ungeplanten Streifz\u00fcge und die neuen Menschen, die Reisende treffen, weil sie sich Zeit und Raum daf\u00fcr nehmen.\u201c<\/p>\n<p>Wenn man sich die Zeit nimmt, langsam zu reisen, wird das Reisen zur Reise. Eine Reise, die sich nicht nur f\u00fcr einen selbst lohnt, sondern auch f\u00fcr die Orte, die man besucht, die Menschen, die man trifft, und f\u00fcr diesen wunderbaren \u2212 und einzigen \u2212 Planeten, den wir haben.<\/p>\n","protected":false},"excerpt":{"rendered":"Erinnern Sie sich noch an die Zeit, als das Reisen so m\u00fchelos war, dass wir mit einem Minimum an Planung und ohne vorher viel zu \u00fcberlegen zwischen den Kontinenten hin- und herreisen konnten? Es ist noch nicht einmal tausend Tage her, dass eine Weltreise nur ein paar Klicks f\u00fcr ein Rund-um-die-Welt-Ticket erforderte und ein paar Handgriffe f\u00fcr das Packen des Handgep\u00e4cks.","protected":false},"author":4,"featured_media":7801,"comment_status":"open","ping_status":"open","sticky":false,"template":"","format":"standard","meta":{"_acf_changed":false,"footnotes":""},"categories":[40],"tags":[68,293,42,234,313,229],"class_list":["post-7813","post","type-post","status-publish","format-standard","has-post-thumbnail","hentry","category-erfahrungen","tag-adria","tag-adriatic-sea-de","tag-holiday-de","tag-reise","tag-sommer","tag-urlaub"],"acf":[],"yoast_head":"<!-- This site is optimized with the Yoast SEO plugin v26.1.1 - https:\/\/yoast.com\/wordpress\/plugins\/seo\/ -->\n<title>Ein neuer Trend: Slow Travel \u2013 damit es beim Reisen wieder ums Reisen geht - Immer Meer. Kroatien.<\/title>\n<meta name=\"description\" content=\"Erinnern Sie sich noch an die Zeit, als das Reisen so m\u00fchelos war, dass wir mit einem Minimum an Planung und ohne vorher viel zu \u00fcberlegen zwischen den Kontinenten hin- und herreisen konnten?\" \/>\n<meta name=\"robots\" content=\"index, follow, max-snippet:-1, max-image-preview:large, max-video-preview:-1\" \/>\n<link rel=\"canonical\" href=\"https:\/\/blog.valamar.com\/de\/ein-neuer-trend-slow-travel\/\" \/>\n<meta property=\"og:locale\" content=\"de_DE\" \/>\n<meta property=\"og:type\" content=\"article\" \/>\n<meta property=\"og:title\" content=\"Ein neuer Trend: Slow Travel \u2013 damit es beim Reisen wieder ums Reisen geht - Immer Meer. Kroatien.\" \/>\n<meta property=\"og:description\" content=\"Erinnern Sie sich noch an die Zeit, als das Reisen so m\u00fchelos war, dass wir mit einem Minimum an Planung und ohne vorher viel zu \u00fcberlegen zwischen den Kontinenten hin- und herreisen konnten?\" \/>\n<meta property=\"og:url\" content=\"https:\/\/blog.valamar.com\/de\/ein-neuer-trend-slow-travel\/\" \/>\n<meta property=\"og:site_name\" content=\"Immer Meer. Kroatien.\" \/>\n<meta property=\"article:author\" content=\"https:\/\/web.facebook.com\/ValamarHotels.Resorts\/\" \/>\n<meta property=\"article:published_time\" content=\"2023-01-02T10:36:49+00:00\" \/>\n<meta property=\"article:modified_time\" content=\"2023-12-29T12:48:42+00:00\" \/>\n<meta property=\"og:image\" content=\"https:\/\/blog.valamar.com\/wp-content\/uploads\/2022\/12\/slow-vacation-featured.jpg\" \/>\n\t<meta property=\"og:image:width\" content=\"1200\" \/>\n\t<meta property=\"og:image:height\" content=\"600\" \/>\n\t<meta property=\"og:image:type\" content=\"image\/jpeg\" \/>\n<meta name=\"author\" content=\"ValamArtists\" \/>\n<meta name=\"twitter:card\" content=\"summary_large_image\" \/>\n<meta name=\"twitter:creator\" content=\"@valamarhotels\" \/>\n<meta name=\"twitter:label1\" content=\"Verfasst von\" \/>\n\t<meta name=\"twitter:data1\" content=\"ValamArtists\" \/>\n\t<meta name=\"twitter:label2\" content=\"Gesch\u00e4tzte Lesezeit\" \/>\n\t<meta name=\"twitter:data2\" content=\"4\u00a0Minuten\" \/>\n<script type=\"application\/ld+json\" class=\"yoast-schema-graph\">{\"@context\":\"https:\/\/schema.org\",\"@graph\":[{\"@type\":\"WebPage\",\"@id\":\"https:\/\/blog.valamar.com\/de\/ein-neuer-trend-slow-travel\/\",\"url\":\"https:\/\/blog.valamar.com\/de\/ein-neuer-trend-slow-travel\/\",\"name\":\"Ein neuer Trend: Slow Travel \u2013 damit es beim Reisen wieder ums Reisen geht - Immer Meer. Kroatien.\",\"isPartOf\":{\"@id\":\"https:\/\/blog.valamar.com\/de\/#website\"},\"primaryImageOfPage\":{\"@id\":\"https:\/\/blog.valamar.com\/de\/ein-neuer-trend-slow-travel\/#primaryimage\"},\"image\":{\"@id\":\"https:\/\/blog.valamar.com\/de\/ein-neuer-trend-slow-travel\/#primaryimage\"},\"thumbnailUrl\":\"https:\/\/blog.valamar.com\/wp-content\/uploads\/2022\/12\/slow-vacation-featured.jpg\",\"datePublished\":\"2023-01-02T10:36:49+00:00\",\"dateModified\":\"2023-12-29T12:48:42+00:00\",\"author\":{\"@id\":\"https:\/\/blog.valamar.com\/de\/#\/schema\/person\/ae7d4a6eb44534a953b58778c410671f\"},\"description\":\"Erinnern Sie sich noch an die Zeit, als das Reisen so m\u00fchelos war, dass wir mit einem Minimum an Planung und ohne vorher viel zu \u00fcberlegen zwischen den Kontinenten hin- und herreisen konnten?\",\"breadcrumb\":{\"@id\":\"https:\/\/blog.valamar.com\/de\/ein-neuer-trend-slow-travel\/#breadcrumb\"},\"inLanguage\":\"de\",\"potentialAction\":[{\"@type\":\"ReadAction\",\"target\":[\"https:\/\/blog.valamar.com\/de\/ein-neuer-trend-slow-travel\/\"]}]},{\"@type\":\"ImageObject\",\"inLanguage\":\"de\",\"@id\":\"https:\/\/blog.valamar.com\/de\/ein-neuer-trend-slow-travel\/#primaryimage\",\"url\":\"https:\/\/blog.valamar.com\/wp-content\/uploads\/2022\/12\/slow-vacation-featured.jpg\",\"contentUrl\":\"https:\/\/blog.valamar.com\/wp-content\/uploads\/2022\/12\/slow-vacation-featured.jpg\",\"width\":1200,\"height\":600,\"caption\":\"Slow vacation Adriatic\"},{\"@type\":\"BreadcrumbList\",\"@id\":\"https:\/\/blog.valamar.com\/de\/ein-neuer-trend-slow-travel\/#breadcrumb\",\"itemListElement\":[{\"@type\":\"ListItem\",\"position\":1,\"name\":\"Home\",\"item\":\"https:\/\/blog.valamar.com\/de\/\"},{\"@type\":\"ListItem\",\"position\":2,\"name\":\"Ein neuer Trend: Slow Travel \u2013 damit es beim Reisen wieder ums Reisen geht\"}]},{\"@type\":\"WebSite\",\"@id\":\"https:\/\/blog.valamar.com\/de\/#website\",\"url\":\"https:\/\/blog.valamar.com\/de\/\",\"name\":\"Immer Meer. Kroatien.\",\"description\":\"Blog \u00fcber einen perfekten Urlaub in Kroatien\",\"potentialAction\":[{\"@type\":\"SearchAction\",\"target\":{\"@type\":\"EntryPoint\",\"urlTemplate\":\"https:\/\/blog.valamar.com\/de\/?s={search_term_string}\"},\"query-input\":{\"@type\":\"PropertyValueSpecification\",\"valueRequired\":true,\"valueName\":\"search_term_string\"}}],\"inLanguage\":\"de\"},{\"@type\":\"Person\",\"@id\":\"https:\/\/blog.valamar.com\/de\/#\/schema\/person\/ae7d4a6eb44534a953b58778c410671f\",\"name\":\"ValamArtists\",\"image\":{\"@type\":\"ImageObject\",\"inLanguage\":\"de\",\"@id\":\"https:\/\/blog.valamar.com\/de\/#\/schema\/person\/image\/\",\"url\":\"https:\/\/blog.valamar.com\/wp-content\/uploads\/2024\/10\/shell-color-1-120x120.png\",\"contentUrl\":\"https:\/\/blog.valamar.com\/wp-content\/uploads\/2024\/10\/shell-color-1-120x120.png\",\"caption\":\"ValamArtists\"},\"description\":\"Bloggers, journalists, tourist guides, artists, entertainers and all kinds of hospitality experts and enthusiasts have gathered under the ValamArtists handle to lovingly bring you the best out of the Croatian holiday experience. Enjoy the ride!\",\"sameAs\":[\"http:\/\/valamar.com\",\"https:\/\/web.facebook.com\/ValamarHotels.Resorts\/\",\"https:\/\/www.instagram.com\/valamarhotels\",\"https:\/\/www.linkedin.com\/company\/valamar\",\"https:\/\/x.com\/valamarhotels\",\"https:\/\/www.youtube.com\/channel\/UCZakC_wzU5Xl9h37Ur39Fgw\"]}]}<\/script>\n<!-- \/ Yoast SEO plugin. -->","yoast_head_json":{"title":"Ein neuer Trend: Slow Travel \u2013 damit es beim Reisen wieder ums Reisen geht - Immer Meer. Kroatien.","description":"Erinnern Sie sich noch an die Zeit, als das Reisen so m\u00fchelos war, dass wir mit einem Minimum an Planung und ohne vorher viel zu \u00fcberlegen zwischen den Kontinenten hin- und herreisen konnten?","robots":{"index":"index","follow":"follow","max-snippet":"max-snippet:-1","max-image-preview":"max-image-preview:large","max-video-preview":"max-video-preview:-1"},"canonical":"https:\/\/blog.valamar.com\/de\/ein-neuer-trend-slow-travel\/","og_locale":"de_DE","og_type":"article","og_title":"Ein neuer Trend: Slow Travel \u2013 damit es beim Reisen wieder ums Reisen geht - Immer Meer. Kroatien.","og_description":"Erinnern Sie sich noch an die Zeit, als das Reisen so m\u00fchelos war, dass wir mit einem Minimum an Planung und ohne vorher viel zu \u00fcberlegen zwischen den Kontinenten hin- und herreisen konnten?","og_url":"https:\/\/blog.valamar.com\/de\/ein-neuer-trend-slow-travel\/","og_site_name":"Immer Meer. Kroatien.","article_author":"https:\/\/web.facebook.com\/ValamarHotels.Resorts\/","article_published_time":"2023-01-02T10:36:49+00:00","article_modified_time":"2023-12-29T12:48:42+00:00","og_image":[{"width":1200,"height":600,"url":"https:\/\/blog.valamar.com\/wp-content\/uploads\/2022\/12\/slow-vacation-featured.jpg","type":"image\/jpeg"}],"author":"ValamArtists","twitter_card":"summary_large_image","twitter_creator":"@valamarhotels","twitter_misc":{"Verfasst von":"ValamArtists","Gesch\u00e4tzte Lesezeit":"4\u00a0Minuten"},"schema":{"@context":"https:\/\/schema.org","@graph":[{"@type":"WebPage","@id":"https:\/\/blog.valamar.com\/de\/ein-neuer-trend-slow-travel\/","url":"https:\/\/blog.valamar.com\/de\/ein-neuer-trend-slow-travel\/","name":"Ein neuer Trend: Slow Travel \u2013 damit es beim Reisen wieder ums Reisen geht - Immer Meer. Kroatien.","isPartOf":{"@id":"https:\/\/blog.valamar.com\/de\/#website"},"primaryImageOfPage":{"@id":"https:\/\/blog.valamar.com\/de\/ein-neuer-trend-slow-travel\/#primaryimage"},"image":{"@id":"https:\/\/blog.valamar.com\/de\/ein-neuer-trend-slow-travel\/#primaryimage"},"thumbnailUrl":"https:\/\/blog.valamar.com\/wp-content\/uploads\/2022\/12\/slow-vacation-featured.jpg","datePublished":"2023-01-02T10:36:49+00:00","dateModified":"2023-12-29T12:48:42+00:00","author":{"@id":"https:\/\/blog.valamar.com\/de\/#\/schema\/person\/ae7d4a6eb44534a953b58778c410671f"},"description":"Erinnern Sie sich noch an die Zeit, als das Reisen so m\u00fchelos war, dass wir mit einem Minimum an Planung und ohne vorher viel zu \u00fcberlegen zwischen den Kontinenten hin- und herreisen konnten?","breadcrumb":{"@id":"https:\/\/blog.valamar.com\/de\/ein-neuer-trend-slow-travel\/#breadcrumb"},"inLanguage":"de","potentialAction":[{"@type":"ReadAction","target":["https:\/\/blog.valamar.com\/de\/ein-neuer-trend-slow-travel\/"]}]},{"@type":"ImageObject","inLanguage":"de","@id":"https:\/\/blog.valamar.com\/de\/ein-neuer-trend-slow-travel\/#primaryimage","url":"https:\/\/blog.valamar.com\/wp-content\/uploads\/2022\/12\/slow-vacation-featured.jpg","contentUrl":"https:\/\/blog.valamar.com\/wp-content\/uploads\/2022\/12\/slow-vacation-featured.jpg","width":1200,"height":600,"caption":"Slow vacation Adriatic"},{"@type":"BreadcrumbList","@id":"https:\/\/blog.valamar.com\/de\/ein-neuer-trend-slow-travel\/#breadcrumb","itemListElement":[{"@type":"ListItem","position":1,"name":"Home","item":"https:\/\/blog.valamar.com\/de\/"},{"@type":"ListItem","position":2,"name":"Ein neuer Trend: Slow Travel \u2013 damit es beim Reisen wieder ums Reisen geht"}]},{"@type":"WebSite","@id":"https:\/\/blog.valamar.com\/de\/#website","url":"https:\/\/blog.valamar.com\/de\/","name":"Immer Meer. Kroatien.","description":"Blog \u00fcber einen perfekten Urlaub in Kroatien","potentialAction":[{"@type":"SearchAction","target":{"@type":"EntryPoint","urlTemplate":"https:\/\/blog.valamar.com\/de\/?s={search_term_string}"},"query-input":{"@type":"PropertyValueSpecification","valueRequired":true,"valueName":"search_term_string"}}],"inLanguage":"de"},{"@type":"Person","@id":"https:\/\/blog.valamar.com\/de\/#\/schema\/person\/ae7d4a6eb44534a953b58778c410671f","name":"ValamArtists","image":{"@type":"ImageObject","inLanguage":"de","@id":"https:\/\/blog.valamar.com\/de\/#\/schema\/person\/image\/","url":"https:\/\/blog.valamar.com\/wp-content\/uploads\/2024\/10\/shell-color-1-120x120.png","contentUrl":"https:\/\/blog.valamar.com\/wp-content\/uploads\/2024\/10\/shell-color-1-120x120.png","caption":"ValamArtists"},"description":"Bloggers, journalists, tourist guides, artists, entertainers and all kinds of hospitality experts and enthusiasts have gathered under the ValamArtists handle to lovingly bring you the best out of the Croatian holiday experience. Enjoy the ride!","sameAs":["http:\/\/valamar.com","https:\/\/web.facebook.com\/ValamarHotels.Resorts\/","https:\/\/www.instagram.com\/valamarhotels","https:\/\/www.linkedin.com\/company\/valamar","https:\/\/x.com\/valamarhotels","https:\/\/www.youtube.com\/channel\/UCZakC_wzU5Xl9h37Ur39Fgw"]}]}},"_links":{"self":[{"href":"https:\/\/blog.valamar.com\/de\/wp-json\/wp\/v2\/posts\/7813","targetHints":{"allow":["GET"]}}],"collection":[{"href":"https:\/\/blog.valamar.com\/de\/wp-json\/wp\/v2\/posts"}],"about":[{"href":"https:\/\/blog.valamar.com\/de\/wp-json\/wp\/v2\/types\/post"}],"author":[{"embeddable":true,"href":"https:\/\/blog.valamar.com\/de\/wp-json\/wp\/v2\/users\/4"}],"replies":[{"embeddable":true,"href":"https:\/\/blog.valamar.com\/de\/wp-json\/wp\/v2\/comments?post=7813"}],"version-history":[{"count":2,"href":"https:\/\/blog.valamar.com\/de\/wp-json\/wp\/v2\/posts\/7813\/revisions"}],"predecessor-version":[{"id":7815,"href":"https:\/\/blog.valamar.com\/de\/wp-json\/wp\/v2\/posts\/7813\/revisions\/7815"}],"wp:featuredmedia":[{"embeddable":true,"href":"https:\/\/blog.valamar.com\/de\/wp-json\/wp\/v2\/media\/7801"}],"wp:attachment":[{"href":"https:\/\/blog.valamar.com\/de\/wp-json\/wp\/v2\/media?parent=7813"}],"wp:term":[{"taxonomy":"category","embeddable":true,"href":"https:\/\/blog.valamar.com\/de\/wp-json\/wp\/v2\/categories?post=7813"},{"taxonomy":"post_tag","embeddable":true,"href":"https:\/\/blog.valamar.com\/de\/wp-json\/wp\/v2\/tags?post=7813"}],"curies":[{"name":"wp","href":"https:\/\/api.w.org\/{rel}","templated":true}]}}