{"id":4481,"date":"2021-07-04T14:05:52","date_gmt":"2021-07-04T14:05:52","guid":{"rendered":"https:\/\/blog.valamar.com\/?p=4481"},"modified":"2025-04-08T13:10:03","modified_gmt":"2025-04-08T13:10:03","slug":"wohin-im-sommer-an-die-lebhafte-adriakueste","status":"publish","type":"post","link":"https:\/\/blog.valamar.com\/de\/wohin-im-sommer-an-die-lebhafte-adriakueste\/","title":{"rendered":"Wohin im Sommer? An die lebhafte Adriak\u00fcste!"},"content":{"rendered":"<p>Es folgt ein \u00dcberblick der angek\u00fcndigten Veranstaltungen in <a href=\"https:\/\/blog.valamar.com\/de\/die-19-schoensten-orte-kroatiens\/\">den sch\u00f6nsten Reisezielen<\/a> an der Adriak\u00fcste.<\/p>\n<h2>STADT DUBROVNIK<\/h2>\n<p>Dubrovnik ist eine Stadt, die mit ihrer Sch\u00f6nheit, Kultur und Tradition den Atem raubt. Die zahlreichen Konzerte und Festivals am Meer, an historischen Orten und im Freien, garantieren den G\u00e4sten unvergessliche Gen\u00fcsse. In Dubrovnik finden Sie das ganze Jahr \u00fcber zahlreiche Veranstaltungen f\u00fcr jeden Geschmack. In den Sommermonaten d\u00fcrfen Sie auf keinen Fall die langj\u00e4hrigste und bekannteste kroatische Kulturveranstaltung <a href=\"https:\/\/www.dubrovnik-festival.hr\/en\/\" target=\"_blank\" rel=\"noopener noreferrer\"><strong>Dubrovniker Sommerfestival<\/strong><\/a> verpassen. Das Festival wurde 1950 mit dem Ziel gegr\u00fcndet, die Renaissance- und Barockatmosph\u00e4re der Stadt durch dramatische und musikalische Auff\u00fchrungen zu verbinden. Die feierliche Er\u00f6ffnung findet am 10. Juli ab 21:00 Uhr vor der Kirche des hl. Blasius statt. Sie beginnt mit Auff\u00fchrungen des Drama Ensambles des Festivals und Studenten der Schauspiel- und Tanzwissenschaften der Akademie der darstellenden K\u00fcnste in Zagreb, und wird durch das Lin\u0111o Folklore Ensemble, das Dubrovniker Symphonie Orchester und Schlafzeugauff\u00fchrungen des Percussion Clubs vervollst\u00e4ndigt.<\/p>\n<p>F\u00fcr die Teilnahme an der 72. Dubrovniker Sommerveranstaltung ist ein digitales EU-Zertifikat erforderlich, welches die Impfung, ein negatives Testergebnis oder eine Genesung nach einer Infektion nachweist. Die <a href=\"https:\/\/www.ulaznice.hr\/web\/regular\/13648026?lang=en\" target=\"_blank\" rel=\"noopener noreferrer\">Eintrittskarten<\/a> k\u00f6nnen online oder zwei Stunden vor Beginn an den Veranstaltungsorten gekauft werden. Bis zum 25. August k\u00f6nnen Sie die Ausstellung \u201eWahrsagerin\u201c im Atrium der Palastes Sponza, die Konzerte des Kroatischen Rundfunk und Fernsehchores im Atrium des Knes-Palastes und die Auftritte des Ensembles Lin\u0111o vor der Kathedrale genie\u00dfen. Im Geb\u00e4ude Lazareti k\u00f6nnen Sie an Perkussionsworkshops mit Ivana Kuljeri\u0107 Bili\u0107 teilnehmen und in der Festung Lovrijenac Auff\u00fchrungen von Shakespeares Hamlet erleben. Bei 63 Auff\u00fchrungen an 13 verschiedenen Orten an 47 Sommertagen finden Sie mit Sicherheit etwas f\u00fcr Ihren Geschmack, das Ihnen eine neue Dimension des Urlaubs er\u00f6ffnen wird.<\/p>\n<div id=\"gg_car_4417\" rel=\"4417\" class=\"gg_carousel_wrap gg_gallery_wrap gg_car_preload gg_car_light gg_slick_has_arrows  gg_static_car    gg_hidden_ol gg_ol_bottom_mode gg_main_ol_show_on_h\" data-ggom_fx=\"\" data-ggom_timing=\"300\" data-gg_ol=\"default\">  <section class=\"gg_car_item_wrap\">  <div data-gg-url=\"https:\/\/blog.valamar.com\/wp-content\/uploads\/2021\/07\/DUBROVNIK.jpg\" data-gg-title=\"DUBROVNIK\" class=\"gg_img gg_car_item \" data-gg-author=\"\" data-gg-descr=\"\" rel=\"4417\"><div class=\"gg_img_inner\" style=\"padding-bottom: 70%\">  <div class=\"gg_main_img_wrap\">  <div class=\"gg_img_wrap_inner\">  <img decoding=\"async\" src=\"\/\/blog.valamar.com\/wp-content\/uploads\/ewpt_cache\/800x560_90_1_c_FFFFFF_98fef43fcf7498760dcaa5af4d88a68b.jpg\" alt=\"DUBROVNIK\" class=\"gg_photo gg_main_thumb\" \/>  <noscript><img decoding=\"async\" src=\"https:\/\/blog.valamar.com\/wp-content\/uploads\/2021\/07\/DUBROVNIK.jpg\" alt=\"DUBROVNIK\" \/><\/noscript>  <\/div>  <\/div>  <div class=\"gg_overlays\"><\/div>  <\/div><\/div>  <\/section>  <section class=\"gg_car_item_wrap\">  <div data-gg-url=\"https:\/\/blog.valamar.com\/wp-content\/uploads\/2021\/07\/dubr.jpg\" data-gg-title=\"dubr\" class=\"gg_img gg_car_item \" data-gg-author=\"\" data-gg-descr=\"\" rel=\"4417\"><div class=\"gg_img_inner\" style=\"padding-bottom: 70%\">  <div class=\"gg_main_img_wrap\">  <div class=\"gg_img_wrap_inner\">  <img decoding=\"async\" src=\"\/\/blog.valamar.com\/wp-content\/uploads\/ewpt_cache\/800x560_90_1_c_FFFFFF_8b89885065454630f9fa24d10c6da698.jpg\" alt=\"dubr\" class=\"gg_photo gg_main_thumb\" \/>  <noscript><img decoding=\"async\" src=\"https:\/\/blog.valamar.com\/wp-content\/uploads\/2021\/07\/dubr.jpg\" alt=\"dubr\" \/><\/noscript>  <\/div>  <\/div>  <div class=\"gg_overlays\"><\/div>  <\/div><\/div>  <\/section><\/div><script type=\"text\/javascript\">jQuery(document).ready(function(){jQuery(\"#gg_car_4417\").slick({infinite: false , centerMode: false , rows: 1 , arrows: true , dots: true,lazyLoad: \"progressive\",respondTo: \"slider\",slidesToShow: 1,slidesToScroll: 1,responsive: gg_car_calc_breakpoints(\"4417\", 800, 0, 0)});gg_carousel_preload(4417, false);});<\/script>\n<h2>MAKARSKA<\/h2>\n<p>Am Fu\u00dfe des Berges Biokovo erwartet Sie der <a href=\"http:\/\/makarska-info.hr\" target=\"_blank\" rel=\"noopener noreferrer\"><strong>Kultursommer in Makarska<\/strong><\/a> mit traditionellen und modernen Musik- und Theaterauff\u00fchrungen. Es folgen Auftritte von Natali Dizdar, Nina Badri\u0107 und den Gruppen Crvena Jabuka, Parni Valjak sowie Mostar Sevdah Reunion. Die gut besuchten Abende der Klapas auf dem Platz Ka\u010di\u0107ev trg werden, neben der Klapa Berulia und Klapa Srdela, von den besten kroatischen Klapas Kampanel, \u0160ufit, Ri\u0161pet und anderen bereichert. Die Konzerte klassischer Musik werden am 5. Juli in der Franziskanerkirche ab 21:00 Uhr von Hana Vlaho am Klavier, Borna Augustinovi\u0107 an der Marimba, Stipan Popovi\u0107 an der Gitarre und Kenk Kalebi\u0107 an der Mandoline er\u00f6ffnet. Das Festival wird auch von Auftritten des Folklorevereins Tampet, der \u0110iger-Band sowie des Stadtchors erg\u00e4nzt. Au\u00dferdem sind die traditionellen<strong> Fischerabende<\/strong> ein Muss \u2013 genie\u00dfen Sie verschiedene Fischspezialit\u00e4ten, dalmatinische Musik und traditionelle Spiele. Das erste Volksfest findet am 8. Juli in Pli\u0161\u010devac ab 20:00 Uhr statt.<\/p>\n<div id=\"gg_car_4431\" rel=\"4431\" class=\"gg_carousel_wrap gg_gallery_wrap gg_car_preload gg_car_light gg_slick_has_arrows  gg_static_car    gg_hidden_ol gg_ol_bottom_mode gg_main_ol_show_on_h\" data-ggom_fx=\"\" data-ggom_timing=\"300\" data-gg_ol=\"default\">  <section class=\"gg_car_item_wrap\">  <div data-gg-url=\"https:\/\/blog.valamar.com\/wp-content\/uploads\/2021\/07\/makarska.jpg\" data-gg-title=\"makarska\" class=\"gg_img gg_car_item \" data-gg-author=\"\" data-gg-descr=\"\" rel=\"4431\"><div class=\"gg_img_inner\" style=\"padding-bottom: 70%\">  <div class=\"gg_main_img_wrap\">  <div class=\"gg_img_wrap_inner\">  <img decoding=\"async\" src=\"\/\/blog.valamar.com\/wp-content\/uploads\/ewpt_cache\/800x560_90_1_c_FFFFFF_f3a4740d30fe1183e2b9afba0baefab3.jpg\" alt=\"makarska\" class=\"gg_photo gg_main_thumb\" \/>  <noscript><img decoding=\"async\" src=\"https:\/\/blog.valamar.com\/wp-content\/uploads\/2021\/07\/makarska.jpg\" alt=\"makarska\" \/><\/noscript>  <\/div>  <\/div>  <div class=\"gg_overlays\"><\/div>  <\/div><\/div>  <\/section>  <section class=\"gg_car_item_wrap\">  <div data-gg-url=\"https:\/\/blog.valamar.com\/wp-content\/uploads\/2021\/07\/makarska1.jpg\" data-gg-title=\"makarska1\" class=\"gg_img gg_car_item \" data-gg-author=\"\" data-gg-descr=\"\" rel=\"4431\"><div class=\"gg_img_inner\" style=\"padding-bottom: 70%\">  <div class=\"gg_main_img_wrap\">  <div class=\"gg_img_wrap_inner\">  <img decoding=\"async\" src=\"\/\/blog.valamar.com\/wp-content\/uploads\/ewpt_cache\/800x560_90_1_c_FFFFFF_a3c424bf87fa1c707d6ea3c95c2651a8.jpg\" alt=\"makarska1\" class=\"gg_photo gg_main_thumb\" \/>  <noscript><img decoding=\"async\" src=\"https:\/\/blog.valamar.com\/wp-content\/uploads\/2021\/07\/makarska1.jpg\" alt=\"makarska1\" \/><\/noscript>  <\/div>  <\/div>  <div class=\"gg_overlays\"><\/div>  <\/div><\/div>  <\/section><\/div><script type=\"text\/javascript\">jQuery(document).ready(function(){jQuery(\"#gg_car_4431\").slick({infinite: false , centerMode: false , rows: 1 , arrows: true , dots: true,lazyLoad: \"progressive\",respondTo: \"slider\",slidesToShow: 1,slidesToScroll: 1,responsive: gg_car_calc_breakpoints(\"4431\", 800, 0, 0)});gg_carousel_preload(4431, false);});<\/script>\n<h2>INSEL HVAR<\/h2>\n<p>Die sonnigste kroatische Insel ist sicherlich das perfekte Reiseziel f\u00fcr Ihren Sommerurlaub, nicht nur wegen der Natur und den wundersch\u00f6nen Str\u00e4nden, sondern auch wegen des kulturellen Erbes und touristischen Angebots. Der sonnige Sommer auf Hvar wird von zahlreichen Sport- und Kulturveranstaltungen bereichert. Das <a href=\"https:\/\/visithvar.hr\/60th-hvar-summer-festival-programme-for-july\/\" target=\"_blank\" rel=\"noopener noreferrer\"><strong>60. Hvarer Sommerfestival<\/strong><\/a> bietet ein reichhaltiges Musik- und Theaterprogramm an historischen Orten. Es ist eines der \u00e4ltesten Sommerfestivals an der Adriak\u00fcste und auf den Inseln und sein Ziel ist es, das Erbe von Hvar und Kroatien zu bewahren. Im Rahmen des Festivals wird auf der Sommerb\u00fchne Veneranda das Theaterst\u00fcck \u201eStra\u00dfenbahn namens Sehnsucht\u201c, produziert vom Theater Marin Dr\u017ei\u0107, aufgef\u00fchrt. Der Auftritt von Tihomir Hojsak am Kontrabass und Filip Novosel am Tamburin findet am 15. Juli statt, w\u00e4hrend das Gitarrentrio Elogio alle Anwesenden am 29. Juli ab 21:30 Uhr unterhalten wird.<\/p>\n<p>Das einzigartige <a href=\"https:\/\/visithvar.hr\/13th-lavender-festival-velo-grablje\/\" target=\"_blank\" rel=\"noopener noreferrer\"><strong>Lavendelfestival<\/strong><\/a> bietet ein lehrreiches und unterhaltsames Programm \u00fcber den Anbau von Lavendel, die Produktion des \u00d6ls und anderen Produkten. In Velo Grablje beginnt das zweit\u00e4gige Festival am 9. Juli in den fr\u00fchen Morgenstunden mit der traditionellen Lavendelernte, einem Trockenbau-Workshop und einer Ausstellung von Lavendelprodukten. Au\u00dferdem erwarten Sie beim 13. Lavendelfestival Fotoausstellungen, Vortr\u00e4ge, Workshops und nat\u00fcrlich ein abendliches Musikprogramm \u2013 am Freitag unterhalten Sie die Klapa Frecija und der DJ DD, w\u00e4hrend am Samstag, dem 10. Juli, Tonks &amp; aSrtemia und DJ Dupli f\u00fcr gute Stimmung sorgen. Alle weiteren Informationen zu Veranstaltungen, Gastronomie, Str\u00e4nden und Kultur finden Sie in der <a href=\"https:\/\/visithvar.hr\/hvar-guide-app\/\" target=\"_blank\" rel=\"noopener noreferrer\">Hvar Guide Applikation<\/a>.<\/p>\n<div id=\"gg_car_4436\" rel=\"4436\" class=\"gg_carousel_wrap gg_gallery_wrap gg_car_preload gg_car_light gg_slick_has_arrows  gg_static_car    gg_hidden_ol gg_ol_bottom_mode gg_main_ol_show_on_h\" data-ggom_fx=\"\" data-ggom_timing=\"300\" data-gg_ol=\"default\">  <section class=\"gg_car_item_wrap\">  <div data-gg-url=\"https:\/\/blog.valamar.com\/wp-content\/uploads\/2021\/07\/hvar.jpg\" data-gg-title=\"hvar\" class=\"gg_img gg_car_item \" data-gg-author=\"\" data-gg-descr=\"\" rel=\"4436\"><div class=\"gg_img_inner\" style=\"padding-bottom: 70%\">  <div class=\"gg_main_img_wrap\">  <div class=\"gg_img_wrap_inner\">  <img decoding=\"async\" src=\"\/\/blog.valamar.com\/wp-content\/uploads\/ewpt_cache\/800x560_90_1_c_FFFFFF_a52ea247fb5e3548b920befd1f5aeee8.jpg\" alt=\"hvar\" class=\"gg_photo gg_main_thumb\" \/>  <noscript><img decoding=\"async\" src=\"https:\/\/blog.valamar.com\/wp-content\/uploads\/2021\/07\/hvar.jpg\" alt=\"hvar\" \/><\/noscript>  <\/div>  <\/div>  <div class=\"gg_overlays\"><\/div>  <\/div><\/div>  <\/section>  <section class=\"gg_car_item_wrap\">  <div data-gg-url=\"https:\/\/blog.valamar.com\/wp-content\/uploads\/2021\/07\/hvar3.jpg\" data-gg-title=\"hvar3\" class=\"gg_img gg_car_item \" data-gg-author=\"\" data-gg-descr=\"\" rel=\"4436\"><div class=\"gg_img_inner\" style=\"padding-bottom: 70%\">  <div class=\"gg_main_img_wrap\">  <div class=\"gg_img_wrap_inner\">  <img decoding=\"async\" src=\"\/\/blog.valamar.com\/wp-content\/uploads\/ewpt_cache\/800x560_90_1_c_FFFFFF_e1f7b0a59d3b96d1944d5d53f7edfeb3.jpg\" alt=\"hvar3\" class=\"gg_photo gg_main_thumb\" \/>  <noscript><img decoding=\"async\" src=\"https:\/\/blog.valamar.com\/wp-content\/uploads\/2021\/07\/hvar3.jpg\" alt=\"hvar3\" \/><\/noscript>  <\/div>  <\/div>  <div class=\"gg_overlays\"><\/div>  <\/div><\/div>  <\/section><\/div><script type=\"text\/javascript\">jQuery(document).ready(function(){jQuery(\"#gg_car_4436\").slick({infinite: false , centerMode: false , rows: 1 , arrows: true , dots: true,lazyLoad: \"progressive\",respondTo: \"slider\",slidesToShow: 1,slidesToScroll: 1,responsive: gg_car_calc_breakpoints(\"4436\", 800, 0, 0)});gg_carousel_preload(4436, false);});<\/script>\n<h2>INSEL RAB<\/h2>\n<p>Im Paradies f\u00fcr Liebhaber der Natur und authentischer Inselatmosph\u00e4re beginnen am Donnerstag, dem 8. Juli, die <a href=\"https:\/\/www.rab-visit.com\/en\/what-to-do\/upcoming\/event-calendar\/rab-musical-evenings-trio-osor\/3665\" target=\"_blank\" rel=\"noopener noreferrer\"><strong>Raber Musikabende<\/strong><\/a>. Es erwarten Sie verschiedene Konzerte klassischer Musik in der Heilig-Kreuz-Kirche in der N\u00e4he der Kirche des hl. Johannes Evangelista und im Kino Rab. Die Veranstaltung fand zum ersten Mal im Jahr 1985 statt und wurde von der Hochschule Rab organisiert. Die teilnehmenden K\u00fcnstler sind renommierte K\u00fcnstler aus Kroatien und dem Ausland. Ein weiteres Festival, das Sie nicht verpassen d\u00fcrfen, ist die <strong><a href=\"https:\/\/www.rab-visit.com\/en\/what-to-do\/upcoming\/event-calendar\/rab-fjera-holy-day-of-st-james\/3632\" target=\"_blank\" rel=\"noopener noreferrer\">Rabska Fjera<\/a><\/strong> (Raber Messe). Es handelt sich um das gr\u00f6\u00dfte mittelalterliche Sommerfestival, welches den K\u00f6nig Ludwig dem Gro\u00dfen und den Heiligen Christophorus feiert, weshalb die Stadt f\u00fcr zwei Tage in die Vergangenheit zur\u00fcckkehrt.<\/p>\n<p>Die Messe findet vom 25. bis zum 27. Juli statt. In diesen zwei Tagen hallt Musik durch die Stra\u00dfen der Stadt, D\u00fcfte traditioneller Gerichte verbreiten sich und all dies wird durch die ritterlichen Spiele der Raber <strong>Armbrustsch\u00fctzen<\/strong> abgerundet. Die ersten Ritterspiele fanden 1364 statt und wurden 1995 dank der Gr\u00fcndung des Vereins der Raber Armbrustsch\u00fctzen zur\u00fcck ins Leben geholt, wobei auch die Kost\u00fcme aus dem Mittelalter zur\u00fcckfanden. Au\u00dferdem k\u00f6nnen die Besucher sehen, wie man traditionell Hoseng\u00fcrtel und eine duftende Pomade herstellt sowie die Schm\u00fcckung des Haares mit kleinen Blumen erlernen.<\/p>\n<div id=\"gg_car_4441\" rel=\"4441\" class=\"gg_carousel_wrap gg_gallery_wrap gg_car_preload gg_car_light gg_slick_has_arrows  gg_static_car    gg_hidden_ol gg_ol_bottom_mode gg_main_ol_show_on_h\" data-ggom_fx=\"\" data-ggom_timing=\"300\" data-gg_ol=\"default\">  <section class=\"gg_car_item_wrap\">  <div data-gg-url=\"https:\/\/blog.valamar.com\/wp-content\/uploads\/2021\/07\/rab.jpg\" data-gg-title=\"rab\" class=\"gg_img gg_car_item \" data-gg-author=\"\" data-gg-descr=\"\" rel=\"4441\"><div class=\"gg_img_inner\" style=\"padding-bottom: 70%\">  <div class=\"gg_main_img_wrap\">  <div class=\"gg_img_wrap_inner\">  <img decoding=\"async\" src=\"\/\/blog.valamar.com\/wp-content\/uploads\/ewpt_cache\/800x560_90_1_c_FFFFFF_39fe51818c3f563a1487f03bf1c09613.jpg\" alt=\"rab\" class=\"gg_photo gg_main_thumb\" \/>  <noscript><img decoding=\"async\" src=\"https:\/\/blog.valamar.com\/wp-content\/uploads\/2021\/07\/rab.jpg\" alt=\"rab\" \/><\/noscript>  <\/div>  <\/div>  <div class=\"gg_overlays\"><\/div>  <\/div><\/div>  <\/section>  <section class=\"gg_car_item_wrap\">  <div data-gg-url=\"https:\/\/blog.valamar.com\/wp-content\/uploads\/2021\/07\/rab.jpeg\" data-gg-title=\"rab\" class=\"gg_img gg_car_item \" data-gg-author=\"\" data-gg-descr=\"\" rel=\"4441\"><div class=\"gg_img_inner\" style=\"padding-bottom: 70%\">  <div class=\"gg_main_img_wrap\">  <div class=\"gg_img_wrap_inner\">  <img decoding=\"async\" src=\"\/\/blog.valamar.com\/wp-content\/uploads\/ewpt_cache\/800x560_90_1_c_FFFFFF_63d60a6b69ebee39cdead21d54f36a48.jpg\" alt=\"rab\" class=\"gg_photo gg_main_thumb\" \/>  <noscript><img decoding=\"async\" src=\"https:\/\/blog.valamar.com\/wp-content\/uploads\/2021\/07\/rab.jpeg\" alt=\"rab\" \/><\/noscript>  <\/div>  <\/div>  <div class=\"gg_overlays\"><\/div>  <\/div><\/div>  <\/section><\/div><script type=\"text\/javascript\">jQuery(document).ready(function(){jQuery(\"#gg_car_4441\").slick({infinite: false , centerMode: false , rows: 1 , arrows: true , dots: true,lazyLoad: \"progressive\",respondTo: \"slider\",slidesToShow: 1,slidesToScroll: 1,responsive: gg_car_calc_breakpoints(\"4441\", 800, 0, 0)});gg_carousel_preload(4441, false);});<\/script>\n<h2>INSEL KRK<\/h2>\n<p>Der Charme und Reichtum der Insel Krk liegen nicht nur in ihren tausendj\u00e4hrigen Denkm\u00e4lern, Museen und Galerien, sondern auch in den vielf\u00e4ltigen Orten und Menschen. Auf der Insel Krk k\u00f6nnen Sie einen entspannten oder aktiven und unterhaltsamen Sommer verbringen. An der Medane Beach in Punat erwartet Sie das <strong>Elektro Festival BeatPoint<\/strong>. Dieser musikalische Leckerbissen f\u00fcr alle Liebhaber elektronischer Hits beginnt am 16. Juli. Die Eintrittskarten finden Sie auf ihrer <a href=\"https:\/\/www.entrio.hr\/en\/event\/beatpoint-festival-2021-8770\" target=\"_blank\" rel=\"noopener noreferrer\">Website<\/a>. Auf der anderen Seite bieten Ihnen die <a href=\"https:\/\/www.grad-krk.hr\/65-ljetne-priredbe-sinteza-glazbenih-scenskih-izlozbenih-i-knjizevnih-programa\" target=\"_blank\" rel=\"noopener noreferrer\"><strong>65. Sommerveranstaltungen<\/strong><\/a> bis zum 23. August eine Synthese aus Musik-, B\u00fchnen-, Ausstellungs- und literarischem Programm zu Ehren des Musikwissenschaftlers Nikola Udina Algarotti. Das diesj\u00e4hrige Programm wird eine musikalische Zeitreise, auf der verschiedene Musikepochen (Barock und Musikrichtungen des 19. und 20. Jahrhunderts), durchdrungen von einer modernen, sogar experimentellen Herangehensweise an die Interpretation klassischer Musik, vorgestellt werden.<\/p>\n<p>Am 15. Juli erwartet Sie ein <strong>Barockkonzert<\/strong> des kroatischen Gitarrenquartetts, w\u00e4hrend am 22. Juli das Kammermusikensemble Harlequin Art Collectiv mit Auff\u00fchrungen des Komponisten Johann Sebastian Bach in einer besonderen Bearbeitung auftritt. Au\u00dferdem wird einer der ber\u00fchmtesten zeitgen\u00f6ssischen Sevdah-Interpreten, Bo\u017eo Vre\u0107o, dabei sein, w\u00e4hrend das Publikum am 18. August von Ana Rucner, Matej Me\u0161trovi\u0107 und Borna \u0160ercar mit Klassikern und Evergreens der Weltmusik unterhalten wird. Eintrittskarten f\u00fcr kostenlose Musikveranstaltungen, d.h. f\u00fcr kostenpflichtige Musik-, B\u00fchnen- und Literaturveranstaltungen finden Sie an der Verkaufsstelle in der Galerie Decumanus. Dar\u00fcber hinaus findet am 8. Juli unter dem sommerlichen Sternenhimmel das Musik- und Tanzfestival <a href=\"https:\/\/www.grad-krk.hr\/musicool-fest-glazbeno-plesni-program-pod-zvjezdanim-ljetnim-nebom\" target=\"_blank\" rel=\"noopener noreferrer\"><strong>MusiCool Fest<\/strong><\/a> statt. Das Programm findet unter Einhaltung aller epidemiologischer Ma\u00dfnahmen statt, weshalb maximal 100 Sitzpl\u00e4tze vorgesehen sind, und der Eintritt ist frei.<\/p>\n<div id=\"gg_car_4446\" rel=\"4446\" class=\"gg_carousel_wrap gg_gallery_wrap gg_car_preload gg_car_light gg_slick_has_arrows  gg_static_car    gg_hidden_ol gg_ol_bottom_mode gg_main_ol_show_on_h\" data-ggom_fx=\"\" data-ggom_timing=\"300\" data-gg_ol=\"default\">  <section class=\"gg_car_item_wrap\">  <div data-gg-url=\"https:\/\/blog.valamar.com\/wp-content\/uploads\/2021\/07\/krk1.jpg\" data-gg-title=\"krk1\" class=\"gg_img gg_car_item \" data-gg-author=\"\" data-gg-descr=\"\" rel=\"4446\"><div class=\"gg_img_inner\" style=\"padding-bottom: 70%\">  <div class=\"gg_main_img_wrap\">  <div class=\"gg_img_wrap_inner\">  <img decoding=\"async\" src=\"\/\/blog.valamar.com\/wp-content\/uploads\/ewpt_cache\/800x560_90_1_c_FFFFFF_fa367c3e98c8dd72f10da456b90a37fa.jpg\" alt=\"krk1\" class=\"gg_photo gg_main_thumb\" \/>  <noscript><img decoding=\"async\" src=\"https:\/\/blog.valamar.com\/wp-content\/uploads\/2021\/07\/krk1.jpg\" alt=\"krk1\" \/><\/noscript>  <\/div>  <\/div>  <div class=\"gg_overlays\"><\/div>  <\/div><\/div>  <\/section>  <section class=\"gg_car_item_wrap\">  <div data-gg-url=\"https:\/\/blog.valamar.com\/wp-content\/uploads\/2021\/07\/krk.jpg\" data-gg-title=\"krk\" class=\"gg_img gg_car_item \" data-gg-author=\"\" data-gg-descr=\"\" rel=\"4446\"><div class=\"gg_img_inner\" style=\"padding-bottom: 70%\">  <div class=\"gg_main_img_wrap\">  <div class=\"gg_img_wrap_inner\">  <img decoding=\"async\" src=\"\/\/blog.valamar.com\/wp-content\/uploads\/ewpt_cache\/800x560_90_1_c_FFFFFF_9e9b2a8eba434089d3a0038e6b892f44.jpg\" alt=\"krk\" class=\"gg_photo gg_main_thumb\" \/>  <noscript><img decoding=\"async\" src=\"https:\/\/blog.valamar.com\/wp-content\/uploads\/2021\/07\/krk.jpg\" alt=\"krk\" \/><\/noscript>  <\/div>  <\/div>  <div class=\"gg_overlays\"><\/div>  <\/div><\/div>  <\/section><\/div><script type=\"text\/javascript\">jQuery(document).ready(function(){jQuery(\"#gg_car_4446\").slick({infinite: false , centerMode: false , rows: 1 , arrows: true , dots: true,lazyLoad: \"progressive\",respondTo: \"slider\",slidesToShow: 1,slidesToScroll: 1,responsive: gg_car_calc_breakpoints(\"4446\", 800, 0, 0)});gg_carousel_preload(4446, false);});<\/script>\n<h2>STADT PORE\u010c<\/h2>\n<p>Pore\u010d mag klein sein, aber die Stadt steckt das ganze Jahr \u00fcber voller <a href=\"https:\/\/blog.valamar.com\/de\/veranstaltungen-in-porec-die-sie-nicht-verpassen-sollten\/\"><strong>spannender Veranstaltungen<\/strong><\/a>.<\/p>\n<p>Das Festival klassischer <a href=\"https:\/\/www.myporec.com\/de\/unternehmen\/events\/21761\" target=\"_blank\" rel=\"noopener noreferrer\"><strong>Musik Konzerte in der Euphrasius-Basilika<\/strong><\/a>, welches in ihrem historischen Kern stattfindet, begeistert bereits seit 59 Jahren in- und ausl\u00e4ndische G\u00e4ste. Dies ist der Grund, warum Sie diese Veranstaltung, welche die feinste Kunst vereint und gleichzeitig das kulturelle Erbe verherrlicht, nicht verpassen sollten. Dar\u00fcber hinaus k\u00f6nnen Sie im Istrischen Landtag eine Gruppenausstellung zeitgen\u00f6ssischer Kunst genie\u00dfen, w\u00e4hrend die leichten Rhythmen der <strong><a href=\"https:\/\/www.myporec.com\/de\/porec-entdecken\/verpassen-sie-nicht\/29\" target=\"_blank\" rel=\"noopener noreferrer\">Jazzmusik in der Caf\u00e9-Bar Lapidarium<\/a> <\/strong>Sie ab dem 14. Juli in Schwung bringen.<\/p>\n<p>Unweit von Pore\u010d, im kleinen Fischerdorf Vrsar, k\u00f6nnen Sie mit <a href=\"https:\/\/www.istra.hr\/de\/events\/21748\" target=\"_blank\" rel=\"noopener noreferrer\">Casanova<\/a> einen Spaziergang machen und unerforschte Teile der Altstadt sowie versteckte Gassen entdecken, die von der Ankunft des ber\u00fchmtesten Liebhabers inspiriert wurden. Direkt gegen\u00fcber des Lim-Kanals erwartet Sie der Rovinjer Batana-Umzug mit Fischerlaternen und Abendessen im Spacio. Am 6. Juli um 19:30 Uhr startet der Umzug am kleinen Pier in der N\u00e4he des Hauptplatzes. Mit dem Rovinjer Batana-Boot und entlang der wundersch\u00f6nen Altstadt von Rovinj geht es bis zum Spacio Matika, wo ein traditionelles Abendessen mit Fischspezialit\u00e4ten organisiert wird.<\/p>\n<p>In der gr\u00f6\u00dften Stadt der Gespanschaft Istrien beginnt am 17. Juli das 68<strong>. Pula Film Festival<\/strong>, das \u00e4lteste Filmfestival Kroatiens. Durch das Programm werden die k\u00fcnstlerischen Werte der zeitgen\u00f6ssischen kroatischen und internationalen Filmproduktion gepflegt und gef\u00f6rdert. In acht Tagen werden, neben kroatischen Filmen, regelm\u00e4\u00dfig internationale Programme sowie zahlreiche einzigartige Themenprogramme und Retrospektiven angezeigt. Unweit von Pula, auf den Brijuni-Inseln, er\u00f6ffnet das <strong>Freilichttheater Ulysses<\/strong> die 21. Saison der Schauspielauff\u00fchrungen am 16. Juli mit einem Konzert von Rade \u0160erbed\u017eija und der Band Zapadni Kolodvor. Im Herzen von Brtonigla finden zahlreiche romantische und unterhaltsamen Abende mit den <strong>Brtonigla Music Nights<\/strong> statt. Sie werden im Zeitraum vom 13. Juli bis zum 17. August jeden Dienstag veranstaltet. Die Gastro-Besonderheiten des Food&amp;Wine Restaurants und die Musik sind die perfekte Kombination f\u00fcr eine hervorragende Atmosph\u00e4re.<\/p>\n<div id=\"gg_car_4451\" rel=\"4451\" class=\"gg_carousel_wrap gg_gallery_wrap gg_car_preload gg_car_light gg_slick_has_arrows  gg_static_car    gg_hidden_ol gg_ol_bottom_mode gg_main_ol_show_on_h\" data-ggom_fx=\"\" data-ggom_timing=\"300\" data-gg_ol=\"default\">  <section class=\"gg_car_item_wrap\">  <div data-gg-url=\"https:\/\/blog.valamar.com\/wp-content\/uploads\/2021\/07\/pore\u010d1.jpg\" data-gg-title=\"pore\u010d1\" class=\"gg_img gg_car_item \" data-gg-author=\"\" data-gg-descr=\"\" rel=\"4451\"><div class=\"gg_img_inner\" style=\"padding-bottom: 70%\">  <div class=\"gg_main_img_wrap\">  <div class=\"gg_img_wrap_inner\">  <img decoding=\"async\" src=\"\/\/blog.valamar.com\/wp-content\/uploads\/ewpt_cache\/800x560_90_1_c_FFFFFF_3401821c2dbf5547038419643613ae87.jpg\" alt=\"pore\u010d1\" class=\"gg_photo gg_main_thumb\" \/>  <noscript><img decoding=\"async\" src=\"https:\/\/blog.valamar.com\/wp-content\/uploads\/2021\/07\/pore\u010d1.jpg\" alt=\"pore\u010d1\" \/><\/noscript>  <\/div>  <\/div>  <div class=\"gg_overlays\"><\/div>  <\/div><\/div>  <\/section>  <section class=\"gg_car_item_wrap\">  <div data-gg-url=\"https:\/\/blog.valamar.com\/wp-content\/uploads\/2021\/07\/pore\u010d2.jpg\" data-gg-title=\"pore\u010d2\" class=\"gg_img gg_car_item \" data-gg-author=\"\" data-gg-descr=\"\" rel=\"4451\"><div class=\"gg_img_inner\" style=\"padding-bottom: 70%\">  <div class=\"gg_main_img_wrap\">  <div class=\"gg_img_wrap_inner\">  <img decoding=\"async\" src=\"\/\/blog.valamar.com\/wp-content\/uploads\/ewpt_cache\/800x560_90_1_c_FFFFFF_550895de47bfca2dcd6d56a2b9837b0d.jpg\" alt=\"pore\u010d2\" class=\"gg_photo gg_main_thumb\" \/>  <noscript><img decoding=\"async\" src=\"https:\/\/blog.valamar.com\/wp-content\/uploads\/2021\/07\/pore\u010d2.jpg\" alt=\"pore\u010d2\" \/><\/noscript>  <\/div>  <\/div>  <div class=\"gg_overlays\"><\/div>  <\/div><\/div>  <\/section><\/div><script type=\"text\/javascript\">jQuery(document).ready(function(){jQuery(\"#gg_car_4451\").slick({infinite: false , centerMode: false , rows: 1 , arrows: true , dots: true,lazyLoad: \"progressive\",respondTo: \"slider\",slidesToShow: 1,slidesToScroll: 1,responsive: gg_car_calc_breakpoints(\"4451\", 800, 0, 0)});gg_carousel_preload(4451, false);});<\/script>\n<h2>RABAC<\/h2>\n<p>Das <a href=\"https:\/\/rabac-labin.com\/de\/\" target=\"_blank\" rel=\"noopener noreferrer\"><strong>Street Music Festival<\/strong><\/a> erwartet Sie ab dem 7. Juli an der K\u00fcste der Kvarner-Bucht. Jeden Mittwoch, zwei Monate lang, an vier verschiedenen Orten entlang der sch\u00f6nsten Promenade von Rabac. Im nahe gelegenen Labin k\u00f6nnen Sie ab dem 6. Juli an der <a href=\"https:\/\/rabac-labin.com\" target=\"_blank\" rel=\"noopener noreferrer\">Nachtbesichtigung der Stadt<\/a> teilnehmen. Auf diese Weise werden Sie Labin aus einer ganz anderen Perspektive kennen lernen. F\u00fcr die Teilnahme an dieser kostenlosen Tour ist eine Reservierung erforderlich.<\/p>\n<p>Das <strong>MOLI-Festival<\/strong> bietet Theaterauff\u00fchrungen in kleinen Formaten und ist Teil der Labin Art Republik. Tarik Filipovi\u0107 mit der Auff\u00fchrung \u201e\u0106iro\u201c, das Zagreber Theater Mala Scena mit einem St\u00fcck f\u00fcr Kinder sowie die Zagreber Puppenfabrik Tvornica lutaka mit der Auff\u00fchrung \u201eDas Igelh\u00e4uschen\u201c sind dabei. Es findet jeden Donnerstag bis zum 29. Juli auf der B\u00fchne Kod \u0160pine statt. Der Eintritt zu allen Vorstellungen ist frei, und die Karten k\u00f6nnen im Touristeninformationszentrum in der Altstadt von Labin \u00fcbernommen werden. Am 7. Juli ab 21:00 Uhr k\u00f6nnen Sie beim <a href=\"https:\/\/uciliste-labin.hr\/2021\/07\/02\/zapocinje-klasicno-ljeto-2021\/\" target=\"_blank\" rel=\"noopener noreferrer\"><strong>Klassischen Sommer<\/strong> <\/a>vor dem Nationalmuseum die barocken Auff\u00fchrungen des Musica Viva Ensembles genie\u00dfen. Au\u00dferdem erwarten Sie in Rabac und Labin zahlreiche Ausstellungen sowie sportliche und lehrreiche Inhalte.<\/p>\n<p>Die meisten dieser Veranstaltungen finden im Freien und unter Einhaltung aller epidemiologischen Ma\u00dfnahmen statt. Kommen Sie, w\u00e4hlen Sie Ihre Lieblingsoption, entspannen Sie und genie\u00dfen Sie den wundersch\u00f6nen Sommer an der Adriak\u00fcste. Alle weiteren Informationen zu Veranstaltungen in unserer sch\u00f6nen Heimat finden Sie auf der Website des <a href=\"https:\/\/croatia.hr\/de-DE\/Aktivitaten-und-Attraktionen\/Veranstaltungen\" target=\"_blank\" rel=\"noopener noreferrer\">Kroatischen Tourismusverbandes,<\/a> w\u00e4hrend Sie sich \u00fcber die neuesten epidemiologischen Ma\u00dfnahmen auf unserer <a href=\"https:\/\/www.valamar.com\/de\/\" target=\"_blank\" rel=\"noopener noreferrer\">offiziellen Website<\/a> informieren k\u00f6nnen.<\/p>\n<div id=\"gg_car_4456\" rel=\"4456\" class=\"gg_carousel_wrap gg_gallery_wrap gg_car_preload gg_car_light gg_slick_has_arrows  gg_static_car    gg_hidden_ol gg_ol_bottom_mode gg_main_ol_show_on_h\" data-ggom_fx=\"\" data-ggom_timing=\"300\" data-gg_ol=\"default\">  <section class=\"gg_car_item_wrap\">  <div data-gg-url=\"https:\/\/blog.valamar.com\/wp-content\/uploads\/2021\/07\/Rabac1.jpg\" data-gg-title=\"Rabac1\" class=\"gg_img gg_car_item \" data-gg-author=\"\" data-gg-descr=\"\" rel=\"4456\"><div class=\"gg_img_inner\" style=\"padding-bottom: 70%\">  <div class=\"gg_main_img_wrap\">  <div class=\"gg_img_wrap_inner\">  <img decoding=\"async\" src=\"\/\/blog.valamar.com\/wp-content\/uploads\/ewpt_cache\/800x560_90_1_c_FFFFFF_2efe5b8e3a017d2d00b8e5796f42bc4b.jpg\" alt=\"Rabac1\" class=\"gg_photo gg_main_thumb\" \/>  <noscript><img decoding=\"async\" src=\"https:\/\/blog.valamar.com\/wp-content\/uploads\/2021\/07\/Rabac1.jpg\" alt=\"Rabac1\" \/><\/noscript>  <\/div>  <\/div>  <div class=\"gg_overlays\"><\/div>  <\/div><\/div>  <\/section>  <section class=\"gg_car_item_wrap\">  <div data-gg-url=\"https:\/\/blog.valamar.com\/wp-content\/uploads\/2021\/07\/Rabac2.jpg\" data-gg-title=\"Rabac2\" class=\"gg_img gg_car_item \" data-gg-author=\"\" data-gg-descr=\"\" rel=\"4456\"><div class=\"gg_img_inner\" style=\"padding-bottom: 70%\">  <div class=\"gg_main_img_wrap\">  <div class=\"gg_img_wrap_inner\">  <img decoding=\"async\" src=\"\/\/blog.valamar.com\/wp-content\/uploads\/ewpt_cache\/800x560_90_1_c_FFFFFF_80102fb2d324edf811760686186c94a4.jpg\" alt=\"Rabac2\" class=\"gg_photo gg_main_thumb\" \/>  <noscript><img decoding=\"async\" src=\"https:\/\/blog.valamar.com\/wp-content\/uploads\/2021\/07\/Rabac2.jpg\" alt=\"Rabac2\" \/><\/noscript>  <\/div>  <\/div>  <div class=\"gg_overlays\"><\/div>  <\/div><\/div>  <\/section><\/div><script type=\"text\/javascript\">jQuery(document).ready(function(){jQuery(\"#gg_car_4456\").slick({infinite: false , centerMode: false , rows: 1 , arrows: true , dots: true,lazyLoad: \"progressive\",respondTo: \"slider\",slidesToShow: 1,slidesToScroll: 1,responsive: gg_car_calc_breakpoints(\"4456\", 800, 0, 0)});gg_carousel_preload(4456, false);});<\/script>\n","protected":false},"excerpt":{"rendered":"Sommer, Sonne, Strand und Meer sind die Definition eines perfekten Urlaubs, aber um ihn zu vervollst\u00e4ndigen, das Reiseziel mit allen Sinnen zu erleben und sch\u00f6ne Erinnerungen zu schaffen, erwarten Sie zahlreiche Sommerveranstaltungen. Sie bieten einen einzigartigen und direkten Einblick in die lokale Gemeinschaft sowie Spa\u00df und Erholung nach einem warmen Sommertag am Meer.","protected":false},"author":4,"featured_media":4465,"comment_status":"open","ping_status":"open","sticky":false,"template":"","format":"standard","meta":{"_acf_changed":false,"footnotes":""},"categories":[39],"tags":[59,64,240,104,132,131],"class_list":["post-4481","post","type-post","status-publish","format-standard","has-post-thumbnail","hentry","category-events-de","tag-events","tag-events-de","tag-feste","tag-kultur","tag-sommerurlaub","tag-summer-holiday"],"acf":[],"yoast_head":"<!-- This site is optimized with the Yoast SEO plugin v26.1.1 - https:\/\/yoast.com\/wordpress\/plugins\/seo\/ -->\n<title>Wohin im Sommer? An die lebhafte Adriak\u00fcste! - Immer Meer. Kroatien.<\/title>\n<meta name=\"description\" content=\"Es folgt ein \u00dcberblick der angek\u00fcndigten Veranstaltungen in den sch\u00f6nsten Reisezielen an der Adriak\u00fcste.\" \/>\n<meta name=\"robots\" content=\"index, follow, max-snippet:-1, max-image-preview:large, max-video-preview:-1\" \/>\n<link rel=\"canonical\" href=\"https:\/\/blog.valamar.com\/de\/wohin-im-sommer-an-die-lebhafte-adriakueste\/\" \/>\n<meta property=\"og:locale\" content=\"de_DE\" \/>\n<meta property=\"og:type\" content=\"article\" \/>\n<meta property=\"og:title\" content=\"Wohin im Sommer? An die lebhafte Adriak\u00fcste! - Immer Meer. Kroatien.\" \/>\n<meta property=\"og:description\" content=\"Es folgt ein \u00dcberblick der angek\u00fcndigten Veranstaltungen in den sch\u00f6nsten Reisezielen an der Adriak\u00fcste.\" \/>\n<meta property=\"og:url\" content=\"https:\/\/blog.valamar.com\/de\/wohin-im-sommer-an-die-lebhafte-adriakueste\/\" \/>\n<meta property=\"og:site_name\" content=\"Immer Meer. Kroatien.\" \/>\n<meta property=\"article:author\" content=\"https:\/\/web.facebook.com\/ValamarHotels.Resorts\/\" \/>\n<meta property=\"article:published_time\" content=\"2021-07-04T14:05:52+00:00\" \/>\n<meta property=\"article:modified_time\" content=\"2025-04-08T13:10:03+00:00\" \/>\n<meta property=\"og:image\" content=\"https:\/\/blog.valamar.com\/wp-content\/uploads\/2021\/07\/rovinj_featured.jpg\" \/>\n\t<meta property=\"og:image:width\" content=\"1200\" \/>\n\t<meta property=\"og:image:height\" content=\"600\" \/>\n\t<meta property=\"og:image:type\" content=\"image\/jpeg\" \/>\n<meta name=\"author\" content=\"ValamArtists\" \/>\n<meta name=\"twitter:card\" content=\"summary_large_image\" \/>\n<meta name=\"twitter:creator\" content=\"@valamarhotels\" \/>\n<meta name=\"twitter:label1\" content=\"Verfasst von\" \/>\n\t<meta name=\"twitter:data1\" content=\"ValamArtists\" \/>\n\t<meta name=\"twitter:label2\" content=\"Gesch\u00e4tzte Lesezeit\" \/>\n\t<meta name=\"twitter:data2\" content=\"8\u00a0Minuten\" \/>\n<script type=\"application\/ld+json\" class=\"yoast-schema-graph\">{\"@context\":\"https:\/\/schema.org\",\"@graph\":[{\"@type\":\"WebPage\",\"@id\":\"https:\/\/blog.valamar.com\/de\/wohin-im-sommer-an-die-lebhafte-adriakueste\/\",\"url\":\"https:\/\/blog.valamar.com\/de\/wohin-im-sommer-an-die-lebhafte-adriakueste\/\",\"name\":\"Wohin im Sommer? An die lebhafte Adriak\u00fcste! - Immer Meer. Kroatien.\",\"isPartOf\":{\"@id\":\"https:\/\/blog.valamar.com\/de\/#website\"},\"primaryImageOfPage\":{\"@id\":\"https:\/\/blog.valamar.com\/de\/wohin-im-sommer-an-die-lebhafte-adriakueste\/#primaryimage\"},\"image\":{\"@id\":\"https:\/\/blog.valamar.com\/de\/wohin-im-sommer-an-die-lebhafte-adriakueste\/#primaryimage\"},\"thumbnailUrl\":\"https:\/\/blog.valamar.com\/wp-content\/uploads\/2021\/07\/rovinj_featured.jpg\",\"datePublished\":\"2021-07-04T14:05:52+00:00\",\"dateModified\":\"2025-04-08T13:10:03+00:00\",\"author\":{\"@id\":\"https:\/\/blog.valamar.com\/de\/#\/schema\/person\/ae7d4a6eb44534a953b58778c410671f\"},\"description\":\"Es folgt ein \u00dcberblick der angek\u00fcndigten Veranstaltungen in den sch\u00f6nsten Reisezielen an der Adriak\u00fcste.\",\"breadcrumb\":{\"@id\":\"https:\/\/blog.valamar.com\/de\/wohin-im-sommer-an-die-lebhafte-adriakueste\/#breadcrumb\"},\"inLanguage\":\"de\",\"potentialAction\":[{\"@type\":\"ReadAction\",\"target\":[\"https:\/\/blog.valamar.com\/de\/wohin-im-sommer-an-die-lebhafte-adriakueste\/\"]}]},{\"@type\":\"ImageObject\",\"inLanguage\":\"de\",\"@id\":\"https:\/\/blog.valamar.com\/de\/wohin-im-sommer-an-die-lebhafte-adriakueste\/#primaryimage\",\"url\":\"https:\/\/blog.valamar.com\/wp-content\/uploads\/2021\/07\/rovinj_featured.jpg\",\"contentUrl\":\"https:\/\/blog.valamar.com\/wp-content\/uploads\/2021\/07\/rovinj_featured.jpg\",\"width\":1200,\"height\":600,\"caption\":\"Rovinj\"},{\"@type\":\"BreadcrumbList\",\"@id\":\"https:\/\/blog.valamar.com\/de\/wohin-im-sommer-an-die-lebhafte-adriakueste\/#breadcrumb\",\"itemListElement\":[{\"@type\":\"ListItem\",\"position\":1,\"name\":\"Home\",\"item\":\"https:\/\/blog.valamar.com\/de\/\"},{\"@type\":\"ListItem\",\"position\":2,\"name\":\"Wohin im Sommer? An die lebhafte Adriak\u00fcste!\"}]},{\"@type\":\"WebSite\",\"@id\":\"https:\/\/blog.valamar.com\/de\/#website\",\"url\":\"https:\/\/blog.valamar.com\/de\/\",\"name\":\"Immer Meer. Kroatien.\",\"description\":\"Blog \u00fcber einen perfekten Urlaub in Kroatien\",\"potentialAction\":[{\"@type\":\"SearchAction\",\"target\":{\"@type\":\"EntryPoint\",\"urlTemplate\":\"https:\/\/blog.valamar.com\/de\/?s={search_term_string}\"},\"query-input\":{\"@type\":\"PropertyValueSpecification\",\"valueRequired\":true,\"valueName\":\"search_term_string\"}}],\"inLanguage\":\"de\"},{\"@type\":\"Person\",\"@id\":\"https:\/\/blog.valamar.com\/de\/#\/schema\/person\/ae7d4a6eb44534a953b58778c410671f\",\"name\":\"ValamArtists\",\"image\":{\"@type\":\"ImageObject\",\"inLanguage\":\"de\",\"@id\":\"https:\/\/blog.valamar.com\/de\/#\/schema\/person\/image\/\",\"url\":\"https:\/\/blog.valamar.com\/wp-content\/uploads\/2024\/10\/shell-color-1-120x120.png\",\"contentUrl\":\"https:\/\/blog.valamar.com\/wp-content\/uploads\/2024\/10\/shell-color-1-120x120.png\",\"caption\":\"ValamArtists\"},\"description\":\"Bloggers, journalists, tourist guides, artists, entertainers and all kinds of hospitality experts and enthusiasts have gathered under the ValamArtists handle to lovingly bring you the best out of the Croatian holiday experience. Enjoy the ride!\",\"sameAs\":[\"http:\/\/valamar.com\",\"https:\/\/web.facebook.com\/ValamarHotels.Resorts\/\",\"https:\/\/www.instagram.com\/valamarhotels\",\"https:\/\/www.linkedin.com\/company\/valamar\",\"https:\/\/x.com\/valamarhotels\",\"https:\/\/www.youtube.com\/channel\/UCZakC_wzU5Xl9h37Ur39Fgw\"]}]}<\/script>\n<!-- \/ Yoast SEO plugin. -->","yoast_head_json":{"title":"Wohin im Sommer? An die lebhafte Adriak\u00fcste! - Immer Meer. Kroatien.","description":"Es folgt ein \u00dcberblick der angek\u00fcndigten Veranstaltungen in den sch\u00f6nsten Reisezielen an der Adriak\u00fcste.","robots":{"index":"index","follow":"follow","max-snippet":"max-snippet:-1","max-image-preview":"max-image-preview:large","max-video-preview":"max-video-preview:-1"},"canonical":"https:\/\/blog.valamar.com\/de\/wohin-im-sommer-an-die-lebhafte-adriakueste\/","og_locale":"de_DE","og_type":"article","og_title":"Wohin im Sommer? An die lebhafte Adriak\u00fcste! - Immer Meer. Kroatien.","og_description":"Es folgt ein \u00dcberblick der angek\u00fcndigten Veranstaltungen in den sch\u00f6nsten Reisezielen an der Adriak\u00fcste.","og_url":"https:\/\/blog.valamar.com\/de\/wohin-im-sommer-an-die-lebhafte-adriakueste\/","og_site_name":"Immer Meer. Kroatien.","article_author":"https:\/\/web.facebook.com\/ValamarHotels.Resorts\/","article_published_time":"2021-07-04T14:05:52+00:00","article_modified_time":"2025-04-08T13:10:03+00:00","og_image":[{"width":1200,"height":600,"url":"https:\/\/blog.valamar.com\/wp-content\/uploads\/2021\/07\/rovinj_featured.jpg","type":"image\/jpeg"}],"author":"ValamArtists","twitter_card":"summary_large_image","twitter_creator":"@valamarhotels","twitter_misc":{"Verfasst von":"ValamArtists","Gesch\u00e4tzte Lesezeit":"8\u00a0Minuten"},"schema":{"@context":"https:\/\/schema.org","@graph":[{"@type":"WebPage","@id":"https:\/\/blog.valamar.com\/de\/wohin-im-sommer-an-die-lebhafte-adriakueste\/","url":"https:\/\/blog.valamar.com\/de\/wohin-im-sommer-an-die-lebhafte-adriakueste\/","name":"Wohin im Sommer? An die lebhafte Adriak\u00fcste! - Immer Meer. Kroatien.","isPartOf":{"@id":"https:\/\/blog.valamar.com\/de\/#website"},"primaryImageOfPage":{"@id":"https:\/\/blog.valamar.com\/de\/wohin-im-sommer-an-die-lebhafte-adriakueste\/#primaryimage"},"image":{"@id":"https:\/\/blog.valamar.com\/de\/wohin-im-sommer-an-die-lebhafte-adriakueste\/#primaryimage"},"thumbnailUrl":"https:\/\/blog.valamar.com\/wp-content\/uploads\/2021\/07\/rovinj_featured.jpg","datePublished":"2021-07-04T14:05:52+00:00","dateModified":"2025-04-08T13:10:03+00:00","author":{"@id":"https:\/\/blog.valamar.com\/de\/#\/schema\/person\/ae7d4a6eb44534a953b58778c410671f"},"description":"Es folgt ein \u00dcberblick der angek\u00fcndigten Veranstaltungen in den sch\u00f6nsten Reisezielen an der Adriak\u00fcste.","breadcrumb":{"@id":"https:\/\/blog.valamar.com\/de\/wohin-im-sommer-an-die-lebhafte-adriakueste\/#breadcrumb"},"inLanguage":"de","potentialAction":[{"@type":"ReadAction","target":["https:\/\/blog.valamar.com\/de\/wohin-im-sommer-an-die-lebhafte-adriakueste\/"]}]},{"@type":"ImageObject","inLanguage":"de","@id":"https:\/\/blog.valamar.com\/de\/wohin-im-sommer-an-die-lebhafte-adriakueste\/#primaryimage","url":"https:\/\/blog.valamar.com\/wp-content\/uploads\/2021\/07\/rovinj_featured.jpg","contentUrl":"https:\/\/blog.valamar.com\/wp-content\/uploads\/2021\/07\/rovinj_featured.jpg","width":1200,"height":600,"caption":"Rovinj"},{"@type":"BreadcrumbList","@id":"https:\/\/blog.valamar.com\/de\/wohin-im-sommer-an-die-lebhafte-adriakueste\/#breadcrumb","itemListElement":[{"@type":"ListItem","position":1,"name":"Home","item":"https:\/\/blog.valamar.com\/de\/"},{"@type":"ListItem","position":2,"name":"Wohin im Sommer? An die lebhafte Adriak\u00fcste!"}]},{"@type":"WebSite","@id":"https:\/\/blog.valamar.com\/de\/#website","url":"https:\/\/blog.valamar.com\/de\/","name":"Immer Meer. Kroatien.","description":"Blog \u00fcber einen perfekten Urlaub in Kroatien","potentialAction":[{"@type":"SearchAction","target":{"@type":"EntryPoint","urlTemplate":"https:\/\/blog.valamar.com\/de\/?s={search_term_string}"},"query-input":{"@type":"PropertyValueSpecification","valueRequired":true,"valueName":"search_term_string"}}],"inLanguage":"de"},{"@type":"Person","@id":"https:\/\/blog.valamar.com\/de\/#\/schema\/person\/ae7d4a6eb44534a953b58778c410671f","name":"ValamArtists","image":{"@type":"ImageObject","inLanguage":"de","@id":"https:\/\/blog.valamar.com\/de\/#\/schema\/person\/image\/","url":"https:\/\/blog.valamar.com\/wp-content\/uploads\/2024\/10\/shell-color-1-120x120.png","contentUrl":"https:\/\/blog.valamar.com\/wp-content\/uploads\/2024\/10\/shell-color-1-120x120.png","caption":"ValamArtists"},"description":"Bloggers, journalists, tourist guides, artists, entertainers and all kinds of hospitality experts and enthusiasts have gathered under the ValamArtists handle to lovingly bring you the best out of the Croatian holiday experience. Enjoy the ride!","sameAs":["http:\/\/valamar.com","https:\/\/web.facebook.com\/ValamarHotels.Resorts\/","https:\/\/www.instagram.com\/valamarhotels","https:\/\/www.linkedin.com\/company\/valamar","https:\/\/x.com\/valamarhotels","https:\/\/www.youtube.com\/channel\/UCZakC_wzU5Xl9h37Ur39Fgw"]}]}},"_links":{"self":[{"href":"https:\/\/blog.valamar.com\/de\/wp-json\/wp\/v2\/posts\/4481","targetHints":{"allow":["GET"]}}],"collection":[{"href":"https:\/\/blog.valamar.com\/de\/wp-json\/wp\/v2\/posts"}],"about":[{"href":"https:\/\/blog.valamar.com\/de\/wp-json\/wp\/v2\/types\/post"}],"author":[{"embeddable":true,"href":"https:\/\/blog.valamar.com\/de\/wp-json\/wp\/v2\/users\/4"}],"replies":[{"embeddable":true,"href":"https:\/\/blog.valamar.com\/de\/wp-json\/wp\/v2\/comments?post=4481"}],"version-history":[{"count":21,"href":"https:\/\/blog.valamar.com\/de\/wp-json\/wp\/v2\/posts\/4481\/revisions"}],"predecessor-version":[{"id":14334,"href":"https:\/\/blog.valamar.com\/de\/wp-json\/wp\/v2\/posts\/4481\/revisions\/14334"}],"wp:featuredmedia":[{"embeddable":true,"href":"https:\/\/blog.valamar.com\/de\/wp-json\/wp\/v2\/media\/4465"}],"wp:attachment":[{"href":"https:\/\/blog.valamar.com\/de\/wp-json\/wp\/v2\/media?parent=4481"}],"wp:term":[{"taxonomy":"category","embeddable":true,"href":"https:\/\/blog.valamar.com\/de\/wp-json\/wp\/v2\/categories?post=4481"},{"taxonomy":"post_tag","embeddable":true,"href":"https:\/\/blog.valamar.com\/de\/wp-json\/wp\/v2\/tags?post=4481"}],"curies":[{"name":"wp","href":"https:\/\/api.w.org\/{rel}","templated":true}]}}