{"id":16226,"date":"2025-12-11T08:25:18","date_gmt":"2025-12-11T07:25:18","guid":{"rendered":"https:\/\/blog.valamar.com\/?p=16226"},"modified":"2026-01-19T09:58:42","modified_gmt":"2026-01-19T08:58:42","slug":"fuenf-unwiderstehliche-gruende-fuer-den-advent-in-porec","status":"publish","type":"post","link":"https:\/\/blog.valamar.com\/de\/fuenf-unwiderstehliche-gruende-fuer-den-advent-in-porec\/","title":{"rendered":"F\u00fcnf unwiderstehliche Gr\u00fcnde f\u00fcr den Advent in Pore\u010d"},"content":{"rendered":"<p>Im Folgenden finden Sie die Highlights und <strong>unverzichtbaren Erlebnisse<\/strong> <strong>des <\/strong><a href=\"https:\/\/www.valamar.com\/de\/advent-porec\"><strong>10. Advents in Pore\u010d<\/strong><\/a><strong>!<\/strong><\/p>\n<h2>Die Lichter gehen an: So beginnt das Weihnachtsm\u00e4rchen<\/h2>\n<p>Der <strong>6. Dezember<\/strong> hat den magischen Beginn markiert, als Tausende Lichter Pore\u010d in eine leuchtende Weihnachtspostkarte verwandelten. <strong>Der heilige Nikolaus kam pers\u00f6nlich, um die Kinder zu begr\u00fc\u00dfen, die Feiertagssaison einzul\u00e4uten und offiziell den Advent zu er\u00f6ffnen.<\/strong><\/p>\n<div id=\"attachment_16186\" style=\"width: 1246px\" class=\"wp-caption aligncenter\"><img loading=\"lazy\" decoding=\"async\" aria-describedby=\"caption-attachment-16186\" class=\"wp-image-16186 size-full\" title=\"In einer spielerischen Interaktion trifft Sankt Nikolaus auf den Krampus, eine imposante Teufelsfigur mit roten H\u00f6rnern und Umhang.\" src=\"https:\/\/blog.valamar.com\/wp-content\/uploads\/2025\/12\/image1-2.jpg\" alt=\"In einer spielerischen Interaktion trifft Sankt Nikolaus auf den Krampus, eine imposante Teufelsfigur mit roten H\u00f6rnern und Umhang. \" width=\"1236\" height=\"828\" srcset=\"https:\/\/blog.valamar.com\/wp-content\/uploads\/2025\/12\/image1-2.jpg 1236w, https:\/\/blog.valamar.com\/wp-content\/uploads\/2025\/12\/image1-2-250x167.jpg 250w, https:\/\/blog.valamar.com\/wp-content\/uploads\/2025\/12\/image1-2-700x469.jpg 700w, https:\/\/blog.valamar.com\/wp-content\/uploads\/2025\/12\/image1-2-768x514.jpg 768w, https:\/\/blog.valamar.com\/wp-content\/uploads\/2025\/12\/image1-2-120x80.jpg 120w\" sizes=\"auto, (max-width: 1236px) 100vw, 1236px\" \/><p id=\"caption-attachment-16186\" class=\"wp-caption-text\">Die Adventsfiguren erwachen in Pore\u010d zum Leben! Ein unterhaltsames Kr\u00e4ftemessen zwischen dem heiligen Nikolaus und dem Krampus, jenem mythischen Wesen, das ungezogene Kinder bestraft.<\/p><\/div>\n<h2>Kostenlose Eisbahn \u2013 ein unverzichtbares Wintererlebnis<\/h2>\n<p>Schlittschuhlaufen geh\u00f6rt zu den Feiertagen einfach dazu \u2013 <strong>und in Pore\u010d ist das Erlebnis f\u00fcr alle kostenlos zug\u00e4nglich<\/strong>. Ob als Familienausflug, Treffpunkt f\u00fcr Freunde oder f\u00fcr einen romantischen Abend \u2013 die Eisbahn ist die ideale Gelegenheit, um sich in festliche Stimmung zu versetzen. <strong>Au\u00dferdem ist auch der Schlittschuhverleih komplett gratis und Kinder d\u00fcrfen kostenlos den Adventszug nutzen.<\/strong><\/p>\n<div id=\"attachment_16196\" style=\"width: 1244px\" class=\"wp-caption aligncenter\"><img loading=\"lazy\" decoding=\"async\" aria-describedby=\"caption-attachment-16196\" class=\"wp-image-16196 size-full\" title=\"Auf einer festlichen Eisbahn genie\u00dfen Menschen jeden Alters den Schlittschuhlauf.\" src=\"https:\/\/blog.valamar.com\/wp-content\/uploads\/2025\/12\/image6-1.jpg\" alt=\"Auf einer festlichen Eisbahn genie\u00dfen Menschen jeden Alters den Schlittschuhlauf.\" width=\"1234\" height=\"823\" srcset=\"https:\/\/blog.valamar.com\/wp-content\/uploads\/2025\/12\/image6-1.jpg 1234w, https:\/\/blog.valamar.com\/wp-content\/uploads\/2025\/12\/image6-1-250x167.jpg 250w, https:\/\/blog.valamar.com\/wp-content\/uploads\/2025\/12\/image6-1-700x467.jpg 700w, https:\/\/blog.valamar.com\/wp-content\/uploads\/2025\/12\/image6-1-768x512.jpg 768w, https:\/\/blog.valamar.com\/wp-content\/uploads\/2025\/12\/image6-1-120x80.jpg 120w\" sizes=\"auto, (max-width: 1234px) 100vw, 1234px\" \/><p id=\"caption-attachment-16196\" class=\"wp-caption-text\">Winterfreuden beim Advent in Pore\u010d! Fr\u00f6hliche Energie erf\u00fcllt die bunt dekorierte Eisbahn, auf der Familien und Freunde vergn\u00fcgt ihre Runden drehen.<\/p><\/div>\n<p><strong>T\u00e4glich k\u00f6nnen Sie von 10:00 bis 22:00 Uhr die Eisbahn nutzen. Auf geht\u2019s zur Party auf dem Eis!<\/strong><\/p>\n<p>Dies ist mehr als ein kurzer Zwischenstopp. Es ist ein Ort, an dem Erinnerungen entstehen, ganz gleich, ob Sie Ihre ersten Versuche wagen oder kunstvolle Drehungen vorf\u00fchren.<\/p>\n<div id=\"attachment_16190\" style=\"width: 1247px\" class=\"wp-caption aligncenter\"><img loading=\"lazy\" decoding=\"async\" aria-describedby=\"caption-attachment-16190\" class=\"wp-image-16190 size-full\" title=\"Bunt beleuchtet f\u00e4hrt ein kleiner blau-wei\u00dfer Weihnachtszug durch den Adventsmarkt von Pore\u010d.\" src=\"https:\/\/blog.valamar.com\/wp-content\/uploads\/2025\/12\/image3-2.jpg\" alt=\"Bunt beleuchtet f\u00e4hrt ein kleiner blau-wei\u00dfer Weihnachtszug durch den Adventsmarkt von Pore\u010d. \" width=\"1237\" height=\"824\" srcset=\"https:\/\/blog.valamar.com\/wp-content\/uploads\/2025\/12\/image3-2.jpg 1237w, https:\/\/blog.valamar.com\/wp-content\/uploads\/2025\/12\/image3-2-250x167.jpg 250w, https:\/\/blog.valamar.com\/wp-content\/uploads\/2025\/12\/image3-2-700x466.jpg 700w, https:\/\/blog.valamar.com\/wp-content\/uploads\/2025\/12\/image3-2-768x512.jpg 768w, https:\/\/blog.valamar.com\/wp-content\/uploads\/2025\/12\/image3-2-120x80.jpg 120w\" sizes=\"auto, (max-width: 1237px) 100vw, 1237px\" \/><p id=\"caption-attachment-16190\" class=\"wp-caption-text\">Mit einem v\u00f6llig kostenlosen Ferienzug bringt der Advent in Pore\u010d magische Winterstimmung auf die Stra\u00dfen.<\/p><\/div>\n<h2><span lang=\"DE\" style=\"font-size: 17.0pt; line-height: 115%;\">Zwei Pl\u00e4tze: zwei spektakul\u00e4re Silvesterfeiern f\u00fcr den Jahreswechsel 2026<\/span><\/h2>\n<div id=\"attachment_16198\" style=\"width: 1228px\" class=\"wp-caption aligncenter\"><img loading=\"lazy\" decoding=\"async\" aria-describedby=\"caption-attachment-16198\" class=\"wp-image-16198 size-full\" title=\"N\u00e4chtliche Luftaufnahme der festlichen Stimmung: Eine gro\u00dfe Menschenmenge versammelt sich auf dem Platz, umgeben von historischen Geb\u00e4uden und hell erleuchteten Weihnachtsb\u00e4umen von Pore\u010d.\" src=\"https:\/\/blog.valamar.com\/wp-content\/uploads\/2025\/12\/image7-1.jpg\" alt=\"N\u00e4chtliche Luftaufnahme der festlichen Stimmung: Eine gro\u00dfe Menschenmenge versammelt sich auf dem Platz, umgeben von historischen Geb\u00e4uden und hell erleuchteten Weihnachtsb\u00e4umen von Pore\u010d. \" width=\"1218\" height=\"807\" srcset=\"https:\/\/blog.valamar.com\/wp-content\/uploads\/2025\/12\/image7-1.jpg 1218w, https:\/\/blog.valamar.com\/wp-content\/uploads\/2025\/12\/image7-1-250x166.jpg 250w, https:\/\/blog.valamar.com\/wp-content\/uploads\/2025\/12\/image7-1-700x464.jpg 700w, https:\/\/blog.valamar.com\/wp-content\/uploads\/2025\/12\/image7-1-768x509.jpg 768w, https:\/\/blog.valamar.com\/wp-content\/uploads\/2025\/12\/image7-1-120x80.jpg 120w\" sizes=\"auto, (max-width: 1218px) 100vw, 1218px\" \/><p id=\"caption-attachment-16198\" class=\"wp-caption-text\">Eine spektakul\u00e4re Silvesterfeier in Pore\u010d! Auf dem Marktplatz kommen Tausende zusammen, um eine festliche Nacht mit Musik, Lichtern und Weihnachtsfeierlichkeiten zu erleben.<\/p><\/div>\n<p><strong>In diesem Jahr pr\u00e4sentiert Pore\u010d gleich zwei Feierlichkeiten im Herzen der Stadt:<\/strong><\/p>\n<ul>\n<li><strong>Trg slobode:<\/strong> Toni Cetinski, einer der bekanntesten Popstars Kroatiens, der das Publikum mit seinen kraftvollen Live-Shows begeistert.<\/li>\n<li><strong>Trg Matije Gupca:<\/strong> Der aufstrebende kroatische Urban-Popstar Miach tritt zusammen mit der energiegeladenen Band Kids from the Sky auf und sorgt f\u00fcr eine moderne, tanzreiche Silvesterfeier.<\/li>\n<\/ul>\n<p>Zwei B\u00fchnen, zwei Musikrichtungen, zwei einzigartige Erlebnisse. Ob Paare, Freunde oder Familien \u2013 es ist die perfekte Party f\u00fcr alle. Und was gibt es f\u00fcr die Kleinsten? <strong>F\u00fcr die Kleinen<\/strong> gibt es einen <strong>speziellen Countdown um zw\u00f6lf Uhr mittags<\/strong>, inklusive Feuerwerk, Musik und funkelnder Aufregung \u2013 denn wer braucht Mitternacht, wenn man acht ist?<\/p>\n<h2>Authentisches Istrien: lebendige Krippe und der istrische Supa-Wettbewerb<\/h2>\n<p>Der Advent in Pore\u010d bietet mehr als nur Lichter und Konzerte: Er erweckt lokale Traditionen zum Leben. Freuen Sie sich auf lebendige Krippenszenen und den legend\u00e4ren<strong> istrischen Supa<\/strong>-Wettbewerb, abgerundet durch winterliche K\u00f6stlichkeiten, Gl\u00fchwein und hausgemachte <strong>Delikatessen<\/strong>. Suchen Sie ein authentisches Wintererlebnis mit echtem lokalem Flair? Dann ist dieser Advent perfekt f\u00fcr Sie.<\/p>\n<h2>\u00dcber 100 Veranstaltungen: Jeden einzelnen Tag gibt es etwas zu erleben!<\/h2>\n<p>Haben Sie jemals gedacht, dass im Winter nichts los ist? Pore\u010d ist der Beweis daf\u00fcr, dass dies nicht stimmt! Pore\u010d l\u00e4sst es w\u00e4hrend der gesamten Adventszeit niemals ruhig werden. <strong>\u00dcber 100 Veranstaltungen verwandeln die historische Altstadt und die Festpl\u00e4tze in eine gro\u00dfe B\u00fchne: Konzerte von Spitzenk\u00fcnstlern, Stand-up-Comedy-Abende (sonntags), Pub-Quiz und DJ-Programme in den Bars und Gassen.<\/strong><\/p>\n<div id=\"attachment_16188\" style=\"width: 1248px\" class=\"wp-caption aligncenter\"><img loading=\"lazy\" decoding=\"async\" aria-describedby=\"caption-attachment-16188\" class=\"wp-image-16188 size-full\" title=\"Tausende Besucher versammeln sich nachts unter festlichen Lichterketten, um das Er\u00f6ffnungskonzert des Advents in Pore\u010d mitzuerleben, bei dem ein beliebter kroatischer S\u00e4nger auftritt.\" src=\"https:\/\/blog.valamar.com\/wp-content\/uploads\/2025\/12\/image2-2.jpg\" alt=\"Tausende Besucher versammeln sich nachts unter festlichen Lichterketten, um das Er\u00f6ffnungskonzert des Advents in Pore\u010d mitzuerleben, bei dem ein beliebter kroatischer S\u00e4nger auftritt. \" width=\"1238\" height=\"826\" srcset=\"https:\/\/blog.valamar.com\/wp-content\/uploads\/2025\/12\/image2-2.jpg 1238w, https:\/\/blog.valamar.com\/wp-content\/uploads\/2025\/12\/image2-2-250x167.jpg 250w, https:\/\/blog.valamar.com\/wp-content\/uploads\/2025\/12\/image2-2-700x467.jpg 700w, https:\/\/blog.valamar.com\/wp-content\/uploads\/2025\/12\/image2-2-768x512.jpg 768w, https:\/\/blog.valamar.com\/wp-content\/uploads\/2025\/12\/image2-2-120x80.jpg 120w\" sizes=\"auto, (max-width: 1238px) 100vw, 1238px\" \/><p id=\"caption-attachment-16188\" class=\"wp-caption-text\">Stilvoller Auftakt der Adventsfeierlichkeiten in Pore\u010d! Das Er\u00f6ffnungskonzert eines beliebten kroatischen S\u00e4ngers zieht die Massen an.<\/p><\/div>\n<p><strong>Vergessen Sie nicht den Winterzauber<\/strong> <strong>mit dem Weihnachtsmann<\/strong> und die kostenlosen Fotos mit Ihren Kindern \u2013 t\u00e4glich um 17:00 Uhr. Bringen Sie Ihre Kinder zum H\u00e4uschen des Weihnachtsmanns oder zu den kreativen Shows und Workshops, die ihre Fantasie wecken und ihnen pure Freude bereiten.<\/p>\n<p>Besuchen Sie unbedingt den Fotopunkt beim Advent in Pore\u010d f\u00fcr das perfekte festliche Foto. Halten Sie den Moment fest und nehmen Sie die sch\u00f6nsten Erinnerungen mit nach Hause.<\/p>\n<div id=\"attachment_16224\" style=\"width: 1546px\" class=\"wp-caption aligncenter\"><img loading=\"lazy\" decoding=\"async\" aria-describedby=\"caption-attachment-16224\" class=\"wp-image-16224 size-full\" title=\"Eine l\u00e4chelnde Person im gro\u00dfen, festlichen Fotorahmen, der mit Weihnachtssymbolen und der Aufschrift \u201e10 Advent Pore\u010d\u201c verziert ist.\" src=\"https:\/\/blog.valamar.com\/wp-content\/uploads\/2025\/12\/IMG_8969.jpg\" alt=\"Eine l\u00e4chelnde Person im gro\u00dfen, festlichen Fotorahmen, der mit Weihnachtssymbolen und der Aufschrift \u201e10 Advent Pore\u010d\u201c verziert ist.\" width=\"1536\" height=\"2048\" srcset=\"https:\/\/blog.valamar.com\/wp-content\/uploads\/2025\/12\/IMG_8969.jpg 1536w, https:\/\/blog.valamar.com\/wp-content\/uploads\/2025\/12\/IMG_8969-250x333.jpg 250w, https:\/\/blog.valamar.com\/wp-content\/uploads\/2025\/12\/IMG_8969-700x933.jpg 700w, https:\/\/blog.valamar.com\/wp-content\/uploads\/2025\/12\/IMG_8969-768x1024.jpg 768w, https:\/\/blog.valamar.com\/wp-content\/uploads\/2025\/12\/IMG_8969-1152x1536.jpg 1152w, https:\/\/blog.valamar.com\/wp-content\/uploads\/2025\/12\/IMG_8969-120x160.jpg 120w\" sizes=\"auto, (max-width: 1536px) 100vw, 1536px\" \/><p id=\"caption-attachment-16224\" class=\"wp-caption-text\">Die Festtagsstimmung des 10. Advents in Pore\u010d einfangen!<\/p><\/div>\n<h2 style=\"margin: 12.0pt 0cm 12.0pt 0cm;\"><span lang=\"DE\" style=\"font-size: 17.0pt; line-height: 115%;\">Der Advent in Pore\u010d: viel mehr als ein kurzer Zwischenstopp<\/span><\/h2>\n<div id=\"attachment_16194\" style=\"width: 1248px\" class=\"wp-caption aligncenter\"><img loading=\"lazy\" decoding=\"async\" aria-describedby=\"caption-attachment-16194\" class=\"wp-image-16194 size-full\" title=\"Blick von oben auf einen festlichen Weihnachtsmarkt bei Nacht: Zwischen geschm\u00fcckten B\u00e4umen und beleuchteten Torb\u00f6gen spazieren Besuchermengen an Essensst\u00e4nden, Weihnachtslichtern und Schaufenstern vorbei.\" src=\"https:\/\/blog.valamar.com\/wp-content\/uploads\/2025\/12\/image5-2.jpg\" alt=\"Blick von oben auf einen festlichen Weihnachtsmarkt bei Nacht: Zwischen geschm\u00fcckten B\u00e4umen und beleuchteten Torb\u00f6gen spazieren Besuchermengen an Essensst\u00e4nden, Weihnachtslichtern und Schaufenstern vorbei.\" width=\"1238\" height=\"826\" srcset=\"https:\/\/blog.valamar.com\/wp-content\/uploads\/2025\/12\/image5-2.jpg 1238w, https:\/\/blog.valamar.com\/wp-content\/uploads\/2025\/12\/image5-2-250x167.jpg 250w, https:\/\/blog.valamar.com\/wp-content\/uploads\/2025\/12\/image5-2-700x467.jpg 700w, https:\/\/blog.valamar.com\/wp-content\/uploads\/2025\/12\/image5-2-768x512.jpg 768w, https:\/\/blog.valamar.com\/wp-content\/uploads\/2025\/12\/image5-2-120x80.jpg 120w\" sizes=\"auto, (max-width: 1238px) 100vw, 1238px\" \/><p id=\"caption-attachment-16194\" class=\"wp-caption-text\">Der Advent in Pore\u010d bietet eine magische Winterszene, die von funkelnden Lichtern, verschneiten B\u00e4umen, gem\u00fctlichen Essensst\u00e4nden und festlicher Musik gepr\u00e4gt ist.<\/p><\/div>\n<p><strong>Von Familientagen bis zur n\u00e4chtlichen Musik \u2013 jede Ecke der Stadt wird pulsieren. Ein Wochenendbesuch? Perfekt. Ein Besuch unter der Woche? Ebenso perfekt.<\/strong><\/p>\n<p>Sichern Sie sich Ihre <strong><a href=\"https:\/\/www.valamar.com\/de\/unterkunft-porec\">Unterkunft in Pore\u010d<\/a>,<\/strong> wo Sie aus einer Vielzahl von Valamar-Hotels w\u00e4hlen k\u00f6nnen, und seien Sie bereit, Ihren Aufenthalt spontan zu verl\u00e4ngern. Denn hier ist die Wahrheit: <strong><em>Der Advent in Pore\u010d ist kein blo\u00dfer Zwischenstopp, sondern eine Einladung, hier zu bleiben und den Moment zu genie\u00dfen.<\/em><\/strong><\/p>\n","protected":false},"excerpt":{"rendered":"Pore\u010d hat sich erneut in ein Winterm\u00e4rchen verwandelt \u2013 und der Advent 2025 verspricht, die magischste Ausgabe aller Zeiten zu werden. Ob kostenlose Familienunterhaltung, gro\u00dfe Konzerte, authentische istrische Traditionen oder zwei spektakul\u00e4re Silvesterfeiern \u2013 es gibt einen guten Grund daf\u00fcr, dass alle \u00fcber den Advent in Pore\u010d sprechen. Genauer gesagt sind es f\u00fcnf.","protected":false},"author":13,"featured_media":16196,"comment_status":"open","ping_status":"open","sticky":false,"template":"","format":"standard","meta":{"_acf_changed":false,"footnotes":""},"categories":[31,36],"tags":[],"class_list":["post-16226","post","type-post","status-publish","format-standard","has-post-thumbnail","hentry","category-reiseziele","category-reiseziele-porec"],"acf":[],"yoast_head":"<!-- This site is optimized with the Yoast SEO plugin v26.1.1 - https:\/\/yoast.com\/wordpress\/plugins\/seo\/ -->\n<title>Warum Sie den Advent in Pore\u010d nicht verpassen d\u00fcrfen<\/title>\n<meta name=\"description\" content=\"Mit \u00fcber 100 Tagesveranstaltungen ab dem 6. Dezember ist der Advent in Pore\u010d 2025 ein einzigartiges Erlebnis. Wir zeigen Ihnen f\u00fcnf Gr\u00fcnde daf\u00fcr.\" \/>\n<meta name=\"robots\" content=\"index, follow, max-snippet:-1, max-image-preview:large, max-video-preview:-1\" \/>\n<link rel=\"canonical\" href=\"https:\/\/blog.valamar.com\/de\/fuenf-unwiderstehliche-gruende-fuer-den-advent-in-porec\/\" \/>\n<meta property=\"og:locale\" content=\"de_DE\" \/>\n<meta property=\"og:type\" content=\"article\" \/>\n<meta property=\"og:title\" content=\"Warum Sie den Advent in Pore\u010d nicht verpassen d\u00fcrfen\" \/>\n<meta property=\"og:description\" content=\"Mit \u00fcber 100 Tagesveranstaltungen ab dem 6. Dezember ist der Advent in Pore\u010d 2025 ein einzigartiges Erlebnis. Wir zeigen Ihnen f\u00fcnf Gr\u00fcnde daf\u00fcr.\" \/>\n<meta property=\"og:url\" content=\"https:\/\/blog.valamar.com\/de\/fuenf-unwiderstehliche-gruende-fuer-den-advent-in-porec\/\" \/>\n<meta property=\"og:site_name\" content=\"Immer Meer. Kroatien.\" \/>\n<meta property=\"article:published_time\" content=\"2025-12-11T07:25:18+00:00\" \/>\n<meta property=\"article:modified_time\" content=\"2026-01-19T08:58:42+00:00\" \/>\n<meta property=\"og:image\" content=\"https:\/\/blog.valamar.com\/wp-content\/uploads\/2025\/12\/image6-1.jpg\" \/>\n\t<meta property=\"og:image:width\" content=\"1234\" \/>\n\t<meta property=\"og:image:height\" content=\"823\" \/>\n\t<meta property=\"og:image:type\" content=\"image\/jpeg\" \/>\n<meta name=\"author\" content=\"Morena Milevoj\" \/>\n<meta name=\"twitter:card\" content=\"summary_large_image\" \/>\n<meta name=\"twitter:label1\" content=\"Verfasst von\" \/>\n\t<meta name=\"twitter:data1\" content=\"Morena Milevoj\" \/>\n\t<meta name=\"twitter:label2\" content=\"Gesch\u00e4tzte Lesezeit\" \/>\n\t<meta name=\"twitter:data2\" content=\"5\u00a0Minuten\" \/>\n<script type=\"application\/ld+json\" class=\"yoast-schema-graph\">{\"@context\":\"https:\/\/schema.org\",\"@graph\":[{\"@type\":\"WebPage\",\"@id\":\"https:\/\/blog.valamar.com\/de\/fuenf-unwiderstehliche-gruende-fuer-den-advent-in-porec\/\",\"url\":\"https:\/\/blog.valamar.com\/de\/fuenf-unwiderstehliche-gruende-fuer-den-advent-in-porec\/\",\"name\":\"Warum Sie den Advent in Pore\u010d nicht verpassen d\u00fcrfen\",\"isPartOf\":{\"@id\":\"https:\/\/blog.valamar.com\/de\/#website\"},\"primaryImageOfPage\":{\"@id\":\"https:\/\/blog.valamar.com\/de\/fuenf-unwiderstehliche-gruende-fuer-den-advent-in-porec\/#primaryimage\"},\"image\":{\"@id\":\"https:\/\/blog.valamar.com\/de\/fuenf-unwiderstehliche-gruende-fuer-den-advent-in-porec\/#primaryimage\"},\"thumbnailUrl\":\"https:\/\/blog.valamar.com\/wp-content\/uploads\/2025\/12\/image6-1.jpg\",\"datePublished\":\"2025-12-11T07:25:18+00:00\",\"dateModified\":\"2026-01-19T08:58:42+00:00\",\"author\":{\"@id\":\"https:\/\/blog.valamar.com\/de\/#\/schema\/person\/316bd2fd2e6d0c1a8209a9e56fd39d53\"},\"description\":\"Mit \u00fcber 100 Tagesveranstaltungen ab dem 6. Dezember ist der Advent in Pore\u010d 2025 ein einzigartiges Erlebnis. Wir zeigen Ihnen f\u00fcnf Gr\u00fcnde daf\u00fcr.\",\"breadcrumb\":{\"@id\":\"https:\/\/blog.valamar.com\/de\/fuenf-unwiderstehliche-gruende-fuer-den-advent-in-porec\/#breadcrumb\"},\"inLanguage\":\"de\",\"potentialAction\":[{\"@type\":\"ReadAction\",\"target\":[\"https:\/\/blog.valamar.com\/de\/fuenf-unwiderstehliche-gruende-fuer-den-advent-in-porec\/\"]}]},{\"@type\":\"ImageObject\",\"inLanguage\":\"de\",\"@id\":\"https:\/\/blog.valamar.com\/de\/fuenf-unwiderstehliche-gruende-fuer-den-advent-in-porec\/#primaryimage\",\"url\":\"https:\/\/blog.valamar.com\/wp-content\/uploads\/2025\/12\/image6-1.jpg\",\"contentUrl\":\"https:\/\/blog.valamar.com\/wp-content\/uploads\/2025\/12\/image6-1.jpg\",\"width\":1234,\"height\":823,\"caption\":\"Winterfreuden beim Advent in Pore\u010d! Fr\u00f6hliche Energie erf\u00fcllt die bunt dekorierte Eisbahn, auf der Familien und Freunde vergn\u00fcgt ihre Runden drehen.\"},{\"@type\":\"BreadcrumbList\",\"@id\":\"https:\/\/blog.valamar.com\/de\/fuenf-unwiderstehliche-gruende-fuer-den-advent-in-porec\/#breadcrumb\",\"itemListElement\":[{\"@type\":\"ListItem\",\"position\":1,\"name\":\"Home\",\"item\":\"https:\/\/blog.valamar.com\/de\/\"},{\"@type\":\"ListItem\",\"position\":2,\"name\":\"F\u00fcnf unwiderstehliche Gr\u00fcnde f\u00fcr den Advent in Pore\u010d\"}]},{\"@type\":\"WebSite\",\"@id\":\"https:\/\/blog.valamar.com\/de\/#website\",\"url\":\"https:\/\/blog.valamar.com\/de\/\",\"name\":\"Immer Meer. Kroatien.\",\"description\":\"Blog \u00fcber einen perfekten Urlaub in Kroatien\",\"potentialAction\":[{\"@type\":\"SearchAction\",\"target\":{\"@type\":\"EntryPoint\",\"urlTemplate\":\"https:\/\/blog.valamar.com\/de\/?s={search_term_string}\"},\"query-input\":{\"@type\":\"PropertyValueSpecification\",\"valueRequired\":true,\"valueName\":\"search_term_string\"}}],\"inLanguage\":\"de\"},{\"@type\":\"Person\",\"@id\":\"https:\/\/blog.valamar.com\/de\/#\/schema\/person\/316bd2fd2e6d0c1a8209a9e56fd39d53\",\"name\":\"Morena Milevoj\",\"image\":{\"@type\":\"ImageObject\",\"inLanguage\":\"de\",\"@id\":\"https:\/\/blog.valamar.com\/de\/#\/schema\/person\/image\/\",\"url\":\"https:\/\/blog.valamar.com\/wp-content\/uploads\/2025\/09\/IMG_8160-1-1-e1758803180671-120x120.jpeg\",\"contentUrl\":\"https:\/\/blog.valamar.com\/wp-content\/uploads\/2025\/09\/IMG_8160-1-1-e1758803180671-120x120.jpeg\",\"caption\":\"Morena Milevoj\"},\"description\":\"How can we capture all those emotions and everything that happens at our destinations and Valamar\u2019s properties? We\u2019ve found a way. Through our Destination Insider - Morena Milevoj, passionate about marketing, communications, and content, in love with Istria, the Adriatic Sea, and travel, has combined her experience, passion, and knowledge of destination management and the world of social media to give you a first-hand look at everything awaiting you at our destinations.\"}]}<\/script>\n<!-- \/ Yoast SEO plugin. -->","yoast_head_json":{"title":"Warum Sie den Advent in Pore\u010d nicht verpassen d\u00fcrfen","description":"Mit \u00fcber 100 Tagesveranstaltungen ab dem 6. Dezember ist der Advent in Pore\u010d 2025 ein einzigartiges Erlebnis. Wir zeigen Ihnen f\u00fcnf Gr\u00fcnde daf\u00fcr.","robots":{"index":"index","follow":"follow","max-snippet":"max-snippet:-1","max-image-preview":"max-image-preview:large","max-video-preview":"max-video-preview:-1"},"canonical":"https:\/\/blog.valamar.com\/de\/fuenf-unwiderstehliche-gruende-fuer-den-advent-in-porec\/","og_locale":"de_DE","og_type":"article","og_title":"Warum Sie den Advent in Pore\u010d nicht verpassen d\u00fcrfen","og_description":"Mit \u00fcber 100 Tagesveranstaltungen ab dem 6. Dezember ist der Advent in Pore\u010d 2025 ein einzigartiges Erlebnis. Wir zeigen Ihnen f\u00fcnf Gr\u00fcnde daf\u00fcr.","og_url":"https:\/\/blog.valamar.com\/de\/fuenf-unwiderstehliche-gruende-fuer-den-advent-in-porec\/","og_site_name":"Immer Meer. Kroatien.","article_published_time":"2025-12-11T07:25:18+00:00","article_modified_time":"2026-01-19T08:58:42+00:00","og_image":[{"width":1234,"height":823,"url":"https:\/\/blog.valamar.com\/wp-content\/uploads\/2025\/12\/image6-1.jpg","type":"image\/jpeg"}],"author":"Morena Milevoj","twitter_card":"summary_large_image","twitter_misc":{"Verfasst von":"Morena Milevoj","Gesch\u00e4tzte Lesezeit":"5\u00a0Minuten"},"schema":{"@context":"https:\/\/schema.org","@graph":[{"@type":"WebPage","@id":"https:\/\/blog.valamar.com\/de\/fuenf-unwiderstehliche-gruende-fuer-den-advent-in-porec\/","url":"https:\/\/blog.valamar.com\/de\/fuenf-unwiderstehliche-gruende-fuer-den-advent-in-porec\/","name":"Warum Sie den Advent in Pore\u010d nicht verpassen d\u00fcrfen","isPartOf":{"@id":"https:\/\/blog.valamar.com\/de\/#website"},"primaryImageOfPage":{"@id":"https:\/\/blog.valamar.com\/de\/fuenf-unwiderstehliche-gruende-fuer-den-advent-in-porec\/#primaryimage"},"image":{"@id":"https:\/\/blog.valamar.com\/de\/fuenf-unwiderstehliche-gruende-fuer-den-advent-in-porec\/#primaryimage"},"thumbnailUrl":"https:\/\/blog.valamar.com\/wp-content\/uploads\/2025\/12\/image6-1.jpg","datePublished":"2025-12-11T07:25:18+00:00","dateModified":"2026-01-19T08:58:42+00:00","author":{"@id":"https:\/\/blog.valamar.com\/de\/#\/schema\/person\/316bd2fd2e6d0c1a8209a9e56fd39d53"},"description":"Mit \u00fcber 100 Tagesveranstaltungen ab dem 6. Dezember ist der Advent in Pore\u010d 2025 ein einzigartiges Erlebnis. Wir zeigen Ihnen f\u00fcnf Gr\u00fcnde daf\u00fcr.","breadcrumb":{"@id":"https:\/\/blog.valamar.com\/de\/fuenf-unwiderstehliche-gruende-fuer-den-advent-in-porec\/#breadcrumb"},"inLanguage":"de","potentialAction":[{"@type":"ReadAction","target":["https:\/\/blog.valamar.com\/de\/fuenf-unwiderstehliche-gruende-fuer-den-advent-in-porec\/"]}]},{"@type":"ImageObject","inLanguage":"de","@id":"https:\/\/blog.valamar.com\/de\/fuenf-unwiderstehliche-gruende-fuer-den-advent-in-porec\/#primaryimage","url":"https:\/\/blog.valamar.com\/wp-content\/uploads\/2025\/12\/image6-1.jpg","contentUrl":"https:\/\/blog.valamar.com\/wp-content\/uploads\/2025\/12\/image6-1.jpg","width":1234,"height":823,"caption":"Winterfreuden beim Advent in Pore\u010d! Fr\u00f6hliche Energie erf\u00fcllt die bunt dekorierte Eisbahn, auf der Familien und Freunde vergn\u00fcgt ihre Runden drehen."},{"@type":"BreadcrumbList","@id":"https:\/\/blog.valamar.com\/de\/fuenf-unwiderstehliche-gruende-fuer-den-advent-in-porec\/#breadcrumb","itemListElement":[{"@type":"ListItem","position":1,"name":"Home","item":"https:\/\/blog.valamar.com\/de\/"},{"@type":"ListItem","position":2,"name":"F\u00fcnf unwiderstehliche Gr\u00fcnde f\u00fcr den Advent in Pore\u010d"}]},{"@type":"WebSite","@id":"https:\/\/blog.valamar.com\/de\/#website","url":"https:\/\/blog.valamar.com\/de\/","name":"Immer Meer. Kroatien.","description":"Blog \u00fcber einen perfekten Urlaub in Kroatien","potentialAction":[{"@type":"SearchAction","target":{"@type":"EntryPoint","urlTemplate":"https:\/\/blog.valamar.com\/de\/?s={search_term_string}"},"query-input":{"@type":"PropertyValueSpecification","valueRequired":true,"valueName":"search_term_string"}}],"inLanguage":"de"},{"@type":"Person","@id":"https:\/\/blog.valamar.com\/de\/#\/schema\/person\/316bd2fd2e6d0c1a8209a9e56fd39d53","name":"Morena Milevoj","image":{"@type":"ImageObject","inLanguage":"de","@id":"https:\/\/blog.valamar.com\/de\/#\/schema\/person\/image\/","url":"https:\/\/blog.valamar.com\/wp-content\/uploads\/2025\/09\/IMG_8160-1-1-e1758803180671-120x120.jpeg","contentUrl":"https:\/\/blog.valamar.com\/wp-content\/uploads\/2025\/09\/IMG_8160-1-1-e1758803180671-120x120.jpeg","caption":"Morena Milevoj"},"description":"How can we capture all those emotions and everything that happens at our destinations and Valamar\u2019s properties? We\u2019ve found a way. Through our Destination Insider - Morena Milevoj, passionate about marketing, communications, and content, in love with Istria, the Adriatic Sea, and travel, has combined her experience, passion, and knowledge of destination management and the world of social media to give you a first-hand look at everything awaiting you at our destinations."}]}},"_links":{"self":[{"href":"https:\/\/blog.valamar.com\/de\/wp-json\/wp\/v2\/posts\/16226","targetHints":{"allow":["GET"]}}],"collection":[{"href":"https:\/\/blog.valamar.com\/de\/wp-json\/wp\/v2\/posts"}],"about":[{"href":"https:\/\/blog.valamar.com\/de\/wp-json\/wp\/v2\/types\/post"}],"author":[{"embeddable":true,"href":"https:\/\/blog.valamar.com\/de\/wp-json\/wp\/v2\/users\/13"}],"replies":[{"embeddable":true,"href":"https:\/\/blog.valamar.com\/de\/wp-json\/wp\/v2\/comments?post=16226"}],"version-history":[{"count":2,"href":"https:\/\/blog.valamar.com\/de\/wp-json\/wp\/v2\/posts\/16226\/revisions"}],"predecessor-version":[{"id":16343,"href":"https:\/\/blog.valamar.com\/de\/wp-json\/wp\/v2\/posts\/16226\/revisions\/16343"}],"wp:featuredmedia":[{"embeddable":true,"href":"https:\/\/blog.valamar.com\/de\/wp-json\/wp\/v2\/media\/16196"}],"wp:attachment":[{"href":"https:\/\/blog.valamar.com\/de\/wp-json\/wp\/v2\/media?parent=16226"}],"wp:term":[{"taxonomy":"category","embeddable":true,"href":"https:\/\/blog.valamar.com\/de\/wp-json\/wp\/v2\/categories?post=16226"},{"taxonomy":"post_tag","embeddable":true,"href":"https:\/\/blog.valamar.com\/de\/wp-json\/wp\/v2\/tags?post=16226"}],"curies":[{"name":"wp","href":"https:\/\/api.w.org\/{rel}","templated":true}]}}