{"id":14003,"date":"2025-03-11T09:34:32","date_gmt":"2025-03-11T09:34:32","guid":{"rendered":"https:\/\/blog.valamar.com\/?p=14003"},"modified":"2025-03-11T09:34:32","modified_gmt":"2025-03-11T09:34:32","slug":"veranstaltungen-in-porec-die-sie-nicht-verpassen-sollten","status":"publish","type":"post","link":"https:\/\/blog.valamar.com\/de\/veranstaltungen-in-porec-die-sie-nicht-verpassen-sollten\/","title":{"rendered":"Veranstaltungen in Pore\u010d, die Sie nicht verpassen sollten"},"content":{"rendered":"<p>In diesem Leitfaden stellen wir Ihnen die besten Events in Pore\u010d vor, von den wichtigsten Festen bis zu den Geheimtipps, die von den Einheimischen geliebt werden.<\/p>\n<h2>Kultur- und Musikveranstaltungen in Pore\u010d<\/h2>\n<p>Pore\u010d ist stolz auf seine bl\u00fchende Musikszene, die von klassischen Auff\u00fchrungen bis hin zu modernen Beats reicht. Diese Veranstaltungen zeigen eine Vielfalt an Rhythmen und Melodien, die die Attraktivit\u00e4t der Stadt f\u00fcr Musikliebhaber unterstreicht.<\/p>\n<h3 style=\"margin: 12.0pt 0cm 12.0pt 0cm;\"><span lang=\"DE\">Ein bezaubernder Klavierabend in der Euphrasius-Basilika<\/span><\/h3>\n<div id=\"attachment_13971\" style=\"width: 810px\" class=\"wp-caption aligncenter\"><img loading=\"lazy\" decoding=\"async\" aria-describedby=\"caption-attachment-13971\" class=\"wp-image-13971 size-full\" title=\"Interior of the UNESCO-listed Euphrasian Basilica in Pore\u010d\" src=\"https:\/\/blog.valamar.com\/wp-content\/uploads\/2025\/03\/image10.jpg\" alt=\"Das Innere der UNESCO-gesch\u00fctzten Euphrasius-Basilika in Pore\u010d\" width=\"800\" height=\"534\" srcset=\"https:\/\/blog.valamar.com\/wp-content\/uploads\/2025\/03\/image10.jpg 800w, https:\/\/blog.valamar.com\/wp-content\/uploads\/2025\/03\/image10-250x167.jpg 250w, https:\/\/blog.valamar.com\/wp-content\/uploads\/2025\/03\/image10-700x467.jpg 700w, https:\/\/blog.valamar.com\/wp-content\/uploads\/2025\/03\/image10-768x513.jpg 768w, https:\/\/blog.valamar.com\/wp-content\/uploads\/2025\/03\/image10-120x80.jpg 120w\" sizes=\"auto, (max-width: 800px) 100vw, 800px\" \/><p id=\"caption-attachment-13971\" class=\"wp-caption-text\">Genie\u00dfen Sie Klaviermusik in der zeitlosen Sch\u00f6nheit der Euphrasius-Basilika<\/p><\/div>\n<p>Es wird ein besonderer Abend in der <a href=\"https:\/\/blog.valamar.com\/de\/unschaetzbares-kulturerbe-die-geheimnisse-von-porec\/\"><strong>Euphrasius-Basilika von Pore\u010d<\/strong><\/a> sein, wenn der renommierte Pianist Roberto Plano im Rahmen des <strong>Klavierfestivals Piano poolA<\/strong>, das einige der weltbesten Pianisten nach Istrien bringt, die B\u00fchne betritt. Das Konzert in der gro\u00dfartigen Atmosph\u00e4re dieses UNESCO-gesch\u00fctzten Wahrzeichens verspricht ein wahrhaft intensives Musikerlebnis.<\/p>\n<p>Als herausragender K\u00fcnstler und Preistr\u00e4ger renommierter Wettbewerbe wie Cleveland, Van Cliburn und Axa Dublin ist Plano in einigen der renommiertesten Konzerts\u00e4len der Welt aufgetreten, darunter das Lincoln Center, die Wigmore Hall und der Salle Cortot. Sein sorgf\u00e4ltig zusammengestelltes Programm f\u00fcr dieses Konzert umfasst Werke von Schubert, Mompou, Copland und Bernstein und gibt eine vielf\u00e4ltige und ausdrucksstarke Reise durch die Klavierliteratur zu Geh\u00f6r. Diese Veranstaltung in Pore\u010d, die sowohl Einwohnern als auch Besuchern offensteht, ist eine seltene Gelegenheit, Klavierkunst von Weltklasse in einem au\u00dfergew\u00f6hnlichen Rahmen zu genie\u00dfen.<\/p>\n<h3><strong>Lanterna Summer Nights<\/strong><\/h3>\n<div id=\"attachment_13979\" style=\"width: 1210px\" class=\"wp-caption aligncenter\"><img loading=\"lazy\" decoding=\"async\" aria-describedby=\"caption-attachment-13979\" class=\"wp-image-13979 size-full\" title=\"Live band performing on stage at Lanterna Summer Nights\" src=\"https:\/\/blog.valamar.com\/wp-content\/uploads\/2025\/03\/image4.jpg\" alt=\" Live-Band auf der B\u00fchne w\u00e4hrend der Lanterna Summer Nights \" width=\"1200\" height=\"800\" srcset=\"https:\/\/blog.valamar.com\/wp-content\/uploads\/2025\/03\/image4.jpg 1200w, https:\/\/blog.valamar.com\/wp-content\/uploads\/2025\/03\/image4-250x167.jpg 250w, https:\/\/blog.valamar.com\/wp-content\/uploads\/2025\/03\/image4-700x467.jpg 700w, https:\/\/blog.valamar.com\/wp-content\/uploads\/2025\/03\/image4-768x512.jpg 768w, https:\/\/blog.valamar.com\/wp-content\/uploads\/2025\/03\/image4-120x80.jpg 120w\" sizes=\"auto, (max-width: 1200px) 100vw, 1200px\" \/><p id=\"caption-attachment-13979\" class=\"wp-caption-text\">Livemusik und Auff\u00fchrungen unter dem Sommernachtshimmel<\/p><\/div>\n<p>Von Mai bis September verwandeln die <strong>Lanterna Summer Nights<\/strong> das Valamar Camping Lanterna in ein pulsierendes Festivalzentrum. Diese Veranstaltung bietet \u00fcber Monate hinweg eine aufregende Mischung aus Livemusik, Tanzvorf\u00fchrungen, Outdoor-Filmvorf\u00fchrungen und familienfreundlicher Unterhaltung.<\/p>\n<p>Sowohl auf der Piazza als auch im Lanterna-Theater k\u00f6nnen die Besucher eine gro\u00dfe Vielfalt genie\u00dfen: von akustischen Konzerten bis hin zu energiegeladenen Tanzshows. Spezielle Themenabende, die die lokale Kultur, das Essen und die Traditionen feiern, machen diese Veranstaltung zu einem unverzichtbaren Sommererlebnis in Pore\u010d.<\/p>\n<h3><span lang=\"DE\">Sommer in Pore\u010d <\/span><\/h3>\n<div id=\"attachment_13981\" style=\"width: 810px\" class=\"wp-caption aligncenter\"><img loading=\"lazy\" decoding=\"async\" aria-describedby=\"caption-attachment-13981\" class=\"wp-image-13981 size-full\" title=\"A vibrant summer festival in Pore\u010d with music and colorful decorations at Gelato Park\" src=\"https:\/\/blog.valamar.com\/wp-content\/uploads\/2025\/03\/image2.jpg\" alt=\"Ein pulsierendes Sommerfest in Pore\u010d mit Musik und farbenfrohen Dekorationen im Gelato Park \" width=\"800\" height=\"533\" srcset=\"https:\/\/blog.valamar.com\/wp-content\/uploads\/2025\/03\/image2.jpg 800w, https:\/\/blog.valamar.com\/wp-content\/uploads\/2025\/03\/image2-250x167.jpg 250w, https:\/\/blog.valamar.com\/wp-content\/uploads\/2025\/03\/image2-700x466.jpg 700w, https:\/\/blog.valamar.com\/wp-content\/uploads\/2025\/03\/image2-768x512.jpg 768w, https:\/\/blog.valamar.com\/wp-content\/uploads\/2025\/03\/image2-120x80.jpg 120w\" sizes=\"auto, (max-width: 800px) 100vw, 800px\" \/><p id=\"caption-attachment-13981\" class=\"wp-caption-text\">Sonne, Musik und endloses Vergn\u00fcgen \u2013 willkommen zum Sommer in Pore\u010d<\/p><\/div>\n<p>Bereiten Sie sich f\u00fcr einen unvergesslichen Sommer in Pore\u010d vor, wo Musik, Film und k\u00f6stliche Leckerbissen der Stadt von Juni bis September Leben einhauchen. Genie\u00dfen Sie Open-Air-Konzerte mit Top-Tribute-Bands, Filmn\u00e4chte unter dem Sternenhimmel und DJ-Sets, die f\u00fcr Stimmung sorgen. Liebhaber von Jazz und klassischer Musik k\u00f6nnen im Lapidarium und in der UNESCO-gesch\u00fctzten Euphrasius-Basilika zauberhafte Auff\u00fchrungen erleben, w\u00e4hrend Geschichtsbegeisterte bei interaktiven F\u00fchrungen in die Vergangenheit eintauchen k\u00f6nnen.<\/p>\n<p>F\u00fcr alle Naschkatzen bietet der Gelato Park unwiderstehliche Eissorten und unterhaltsame Aktivit\u00e4ten f\u00fcr alle Altersgruppen. Ob Sie nun kulturelle Sch\u00e4tze erkunden, Livemusik genie\u00dfen oder einfach nur die Atmosph\u00e4re auf sich wirken lassen wollen, der <a href=\"https:\/\/www.valamar.com\/de\/event\/sommer-porec\"><strong>Sommer in Pore\u010d<\/strong><\/a> ist mehr als nur eine Jahreszeit \u2013 er ist ein Fest der Kultur, der Gastronomie und der einzigartigen Erlebnisse. Und das Beste von allem? Die Film- und Theaterauff\u00fchrungen sind kostenlos.<\/p>\n<h3>Das Valamar Funtana Sommerfest<\/h3>\n<div id=\"attachment_13983\" style=\"width: 2009px\" class=\"wp-caption aligncenter\"><img loading=\"lazy\" decoding=\"async\" aria-describedby=\"caption-attachment-13983\" class=\"wp-image-13983 size-full\" title=\"Crowd enjoying a family-friendly evening event with music and the Maro mascot at Funtana Summerfest\" src=\"https:\/\/blog.valamar.com\/wp-content\/uploads\/2025\/03\/image9.jpg\" alt=\"Familienfreundliche Abendveranstaltung mit Musik und dem Maskottchen Maro beim Sommerfest in Funtana\" width=\"1999\" height=\"1333\" srcset=\"https:\/\/blog.valamar.com\/wp-content\/uploads\/2025\/03\/image9.jpg 1999w, https:\/\/blog.valamar.com\/wp-content\/uploads\/2025\/03\/image9-250x167.jpg 250w, https:\/\/blog.valamar.com\/wp-content\/uploads\/2025\/03\/image9-700x467.jpg 700w, https:\/\/blog.valamar.com\/wp-content\/uploads\/2025\/03\/image9-768x512.jpg 768w, https:\/\/blog.valamar.com\/wp-content\/uploads\/2025\/03\/image9-1536x1024.jpg 1536w, https:\/\/blog.valamar.com\/wp-content\/uploads\/2025\/03\/image9-120x80.jpg 120w\" sizes=\"auto, (max-width: 1999px) 100vw, 1999px\" \/><p id=\"caption-attachment-13983\" class=\"wp-caption-text\">Lebhafte Familienunterhaltung auf der Piazza<\/p><\/div>\n<p>Jeden Sommer, vom Juni bis zum August, ist Valamar Camping Istra der Gastgeber des <strong>Valamar Funtana Sommerfests<\/strong>, eines quirligen Festivals mit viel Musik, Tanz und Unterhaltung. Freuen Sie sich auf Open-Air-Kinoabende, familienfreundliche Theatervorstellungen und Live-Konzerte mit einer Vielzahl von Musikrichtungen.<\/p>\n<p>Spektakul\u00e4re Tanzshows und Illusionisten ziehen das Publikum in ihren Bann, w\u00e4hrend spezielle kulturelle Veranstaltungen den Besuchern das reiche Erbe von Funtana n\u00e4herbringen. Ob Sie die Nacht durchtanzen oder einen entspannten Abend unter dem Sternenhimmel genie\u00dfen wollen, dieses Festival bietet ein unvergessliches Sommererlebnis.<\/p>\n<h3><span lang=\"DE\">Adventszeit in Pore\u010d <\/span><\/h3>\n<div id=\"attachment_13985\" style=\"width: 810px\" class=\"wp-caption aligncenter\"><img loading=\"lazy\" decoding=\"async\" aria-describedby=\"caption-attachment-13985\" class=\"wp-image-13985 size-full\" src=\"https:\/\/blog.valamar.com\/wp-content\/uploads\/2025\/03\/image6.jpg\" alt=\"\" width=\"800\" height=\"600\" srcset=\"https:\/\/blog.valamar.com\/wp-content\/uploads\/2025\/03\/image6.jpg 800w, https:\/\/blog.valamar.com\/wp-content\/uploads\/2025\/03\/image6-250x188.jpg 250w, https:\/\/blog.valamar.com\/wp-content\/uploads\/2025\/03\/image6-700x525.jpg 700w, https:\/\/blog.valamar.com\/wp-content\/uploads\/2025\/03\/image6-768x576.jpg 768w, https:\/\/blog.valamar.com\/wp-content\/uploads\/2025\/03\/image6-120x90.jpg 120w\" sizes=\"auto, (max-width: 800px) 100vw, 800px\" \/><p id=\"caption-attachment-13985\" class=\"wp-caption-text\">Erleben Sie ein Winterwunderland in Pore\u010d<\/p><\/div>\n<p>Kroatien hat so viel mehr zu bieten als seine <strong>S<\/strong><strong>ommerveranstaltun<\/strong><strong>gen<\/strong>. Wenn der Winter vor der T\u00fcr steht und die Temperaturen sinken, verwandelt sich Pore\u010d in ein verzaubertes Winterwunderland \u2013 w\u00e4hrend des <a href=\"https:\/\/www.valamar.com\/de\/advent-porec\"><strong>Advents in Pore\u010d<\/strong><\/a>. Die Stra\u00dfen werden mit traditionellen Weihnachtskonzerten und stimmungsvollen Tanzdarbietungen belebt, die die festliche Stimmung einfangen. Kinder k\u00f6nnen an unterhaltsamen Workshops teilnehmen und besondere Erinnerungen schaffen, w\u00e4hrend sie die Weihnachtszeit in dieser charmanten kroatischen Stadt feiern.<\/p>\n<p>Die Festtage w\u00e4ren nicht komplett ohne k\u00f6stliche Leckereien, und der Advent in Pore\u010d hat davon einige zu bieten. Nippen Sie an hei\u00dfem Gl\u00fchwein, w\u00e4hrend Sie festliche M\u00e4rkte mit weihnachtlichen Spezialit\u00e4ten erkunden. Von bezaubernden Vorf\u00fchrungen bis hin zu k\u00f6stlichen Aromen bietet diese Veranstaltung die perfekte Gelegenheit, den Zauber der Jahreszeit im <a href=\"https:\/\/blog.valamar.com\/de\/die-19-schoensten-orte-kroatiens\/\"><strong>sch\u00f6nen Kroatien<\/strong><\/a> zu erleben.<\/p>\n<h2><span lang=\"DE\">Veranstaltungen in Pore\u010d rund um Essen und Wein<\/span><\/h2>\n<p>Es gibt keinen besseren Weg, in die Aromen Istriens einzutauchen, als an einem (oder mehreren) der renommierten Wein- und Essensfestivals von Pore\u010d teilzunehmen. Diese Veranstaltungen werden Ihre Geschmacksnerven verf\u00fchren, w\u00e4hrend Sie Ihnen ein besseres Verst\u00e4ndnis f\u00fcr das kulinarische Erbe der Region vermitteln.<\/p>\n<h3><strong>MangiaTorre<\/strong><\/h3>\n<div id=\"attachment_13987\" style=\"width: 810px\" class=\"wp-caption aligncenter\"><img loading=\"lazy\" decoding=\"async\" aria-describedby=\"caption-attachment-13987\" class=\"wp-image-13987 size-full\" title=\"A lively night at the MangiaTorre street food festival in Tar, near Pore\u010d\" src=\"https:\/\/blog.valamar.com\/wp-content\/uploads\/2025\/03\/image5.jpg\" alt=\"Eine lebhafte Nacht auf dem MangiaTorre-Streetfood-Festival in Tar, in der N\u00e4he von Pore\u010d\" width=\"800\" height=\"533\" srcset=\"https:\/\/blog.valamar.com\/wp-content\/uploads\/2025\/03\/image5.jpg 800w, https:\/\/blog.valamar.com\/wp-content\/uploads\/2025\/03\/image5-250x167.jpg 250w, https:\/\/blog.valamar.com\/wp-content\/uploads\/2025\/03\/image5-700x466.jpg 700w, https:\/\/blog.valamar.com\/wp-content\/uploads\/2025\/03\/image5-768x512.jpg 768w, https:\/\/blog.valamar.com\/wp-content\/uploads\/2025\/03\/image5-120x80.jpg 120w\" sizes=\"auto, (max-width: 800px) 100vw, 800px\" \/><p id=\"caption-attachment-13987\" class=\"wp-caption-text\">Gastronomie, Musik und gute Laune unter istrischem Himmel<\/p><\/div>\n<p>Beginnen Sie den Sommer mit den reichhaltigen Aromen Istriens auf dem <strong>MangiaTorre<\/strong>, einem beliebten Streetfood-Festival, das Feinschmecker zu einem unvergleichlichen kulinarischen Erlebnis zusammenbringt. In der charmanten Stadt Tar, nur eine kurze Autofahrt von Pore\u010d entfernt, wird eine k\u00f6stliche Kombination aus authentischen istrischen, maritimen und mediterranen Spezialit\u00e4ten pr\u00e4sentiert.<\/p>\n<p>MangiaTorre ist mehr als nur ein Food-Festival, es ist ein Ort, an dem gro\u00dfartige Geschmackserlebnisse, Musik und Sommerstimmung zusammenkommen. Genie\u00dfen Sie bei Sonnenuntergang Live-Auftritte von lokalen Spitzenk\u00fcnstlern, die das Fest zu einem wahren Sommerfest machen. Es ist die perfekte Gelegenheit, einen lauen Abend zu genie\u00dfen \u2013 mit istrischer Gastfreundschaft von ihrer besten Seite.<\/p>\n<h3><strong>Tunalicious Festival\u00a0<\/strong><\/h3>\n<div id=\"attachment_13989\" style=\"width: 810px\" class=\"wp-caption aligncenter\"><img loading=\"lazy\" decoding=\"async\" aria-describedby=\"caption-attachment-13989\" class=\"wp-image-13989 size-full\" title=\"The largest catch at the Tunalicious festival in Pore\u010d\" src=\"https:\/\/blog.valamar.com\/wp-content\/uploads\/2025\/03\/image3.jpg\" alt=\"Der gr\u00f6\u00dfte Fang auf dem Tunalicious-Festival in Pore\u010d\" width=\"800\" height=\"533\" srcset=\"https:\/\/blog.valamar.com\/wp-content\/uploads\/2025\/03\/image3.jpg 800w, https:\/\/blog.valamar.com\/wp-content\/uploads\/2025\/03\/image3-250x167.jpg 250w, https:\/\/blog.valamar.com\/wp-content\/uploads\/2025\/03\/image3-700x466.jpg 700w, https:\/\/blog.valamar.com\/wp-content\/uploads\/2025\/03\/image3-768x512.jpg 768w, https:\/\/blog.valamar.com\/wp-content\/uploads\/2025\/03\/image3-120x80.jpg 120w\" sizes=\"auto, (max-width: 800px) 100vw, 800px\" \/><p id=\"caption-attachment-13989\" class=\"wp-caption-text\">Fan von Thunfisch? Dann verpassen Sie Tunalicious nicht<\/p><\/div>\n<p>Liebhaber von Meeresfr\u00fcchten sollten Ihren Kalender f\u00fcr <a href=\"https:\/\/www.valamar.com\/de\/big-game-tuna-porec\"><strong>Tunalicious<\/strong><\/a> rot markieren. Tunalicious ist die ultimative Feier des Thunfischs und findet jeden September statt. Dieses j\u00e4hrliche Event verwandelt die Stra\u00dfen der Stadt in ein Paradies f\u00fcr Feinschmecker und bietet alles von sterneverd\u00e4chtigen Gourmet-Kreationen bis hin zu k\u00f6stlichem Streetfood. Tunalicious ist aber mehr als nur ein Food-Festival \u2013 es ist eine Mischung aus Spitzengastronomie, aufregendem Gro\u00dfwildfischen und lebhafter Unterhaltung.<\/p>\n<p>Was Tunalicious noch einzigartiger macht, ist der Nervenkitzel des Gro\u00dffischfangs. Bei TunIstra wetteifern erfahrene Angler darum, den wertvollen Thunfisch der Adria zu fangen, und jeden Abend werden die rekordverd\u00e4chtigen F\u00e4nge gewogen. Die Zuschauer k\u00f6nnen das Geschehen aus n\u00e4chster N\u00e4he miterleben, was zur aufregenden Atmosph\u00e4re des Festivals beitr\u00e4gt.<\/p>\n<h2><span lang=\"DE\">Sportveranstaltungen in Pore\u010d<\/span><\/h2>\n<p>F\u00fcr den aktiven Reisenden bietet Pore\u010d aufregende <strong>Sportveranstaltungen<\/strong>, die Fitness mit der atemberaubenden Sch\u00f6nheit der Adriak\u00fcste verbinden.<\/p>\n<h3><strong>Istarska Rivijera\u00a0<\/strong><\/h3>\n<div id=\"attachment_13991\" style=\"width: 810px\" class=\"wp-caption aligncenter\"><img loading=\"lazy\" decoding=\"async\" aria-describedby=\"caption-attachment-13991\" class=\"wp-image-13991 size-full\" title=\"A tennis player celebrates on the clay court at the Istarska Rivijera tournament in Pore\u010d\" src=\"https:\/\/blog.valamar.com\/wp-content\/uploads\/2025\/03\/image8.jpg\" alt=\"Ein Tennisspieler jubelt auf dem Sandplatz beim Turnier Istarska Rivijera in Pore\u010d\" width=\"800\" height=\"533\" srcset=\"https:\/\/blog.valamar.com\/wp-content\/uploads\/2025\/03\/image8.jpg 800w, https:\/\/blog.valamar.com\/wp-content\/uploads\/2025\/03\/image8-250x167.jpg 250w, https:\/\/blog.valamar.com\/wp-content\/uploads\/2025\/03\/image8-700x466.jpg 700w, https:\/\/blog.valamar.com\/wp-content\/uploads\/2025\/03\/image8-768x512.jpg 768w, https:\/\/blog.valamar.com\/wp-content\/uploads\/2025\/03\/image8-120x80.jpg 120w\" sizes=\"auto, (max-width: 800px) 100vw, 800px\" \/><p id=\"caption-attachment-13991\" class=\"wp-caption-text\">Spiel, Satz und Sieg \u2013 erleben Sie Tennis der Extraklasse beim Istarska Rivijera<\/p><\/div>\n<p>Sind Sie Tennisfan? Das im Fr\u00fchjahr stattfindende <a href=\"https:\/\/www.valamar.com\/de\/event\/istarska-rivijera\"><strong>Tennisturnier Istarska Rivijera<\/strong><\/a> ist eine der \u00e4ltesten Sportveranstaltungen in der Region. Es zieht talentierte Spieler aus ganz Europa und dar\u00fcber hinaus an und bietet ein aufregendes Kr\u00e4ftemessen, das man sich nicht entgehen lassen sollte.<\/p>\n<p>Das Turnier verbindet spannende Matches mit dem herrlichen Fr\u00fchlingswetter in der Region. Es ist die perfekte Gelegenheit, Weltklasse-Tennis zu genie\u00dfen und gleichzeitig die Sch\u00f6nheit und Dynamik dieses malerischen Reiseziels zu erleben.<\/p>\n<h3><strong>Pore\u010d Dolphin\u00a0<\/strong><\/h3>\n<div id=\"attachment_13993\" style=\"width: 810px\" class=\"wp-caption aligncenter\"><img loading=\"lazy\" decoding=\"async\" aria-describedby=\"caption-attachment-13993\" class=\"wp-image-13993 size-full\" title=\"Swimmers take part in the Pore\u010d Dolphin swimming event, making their way to Pore\u010d Old Town\" src=\"https:\/\/blog.valamar.com\/wp-content\/uploads\/2025\/03\/image7.jpg\" alt=\"Schwimmer nehmen am Pore\u010d-Dolphin teil und machen sich auf den Weg in die Altstadt von Pore\u010d\" width=\"800\" height=\"533\" srcset=\"https:\/\/blog.valamar.com\/wp-content\/uploads\/2025\/03\/image7.jpg 800w, https:\/\/blog.valamar.com\/wp-content\/uploads\/2025\/03\/image7-250x167.jpg 250w, https:\/\/blog.valamar.com\/wp-content\/uploads\/2025\/03\/image7-700x466.jpg 700w, https:\/\/blog.valamar.com\/wp-content\/uploads\/2025\/03\/image7-768x512.jpg 768w, https:\/\/blog.valamar.com\/wp-content\/uploads\/2025\/03\/image7-120x80.jpg 120w\" sizes=\"auto, (max-width: 800px) 100vw, 800px\" \/><p id=\"caption-attachment-13993\" class=\"wp-caption-text\">Interessiert an einer Teilnahme am Pore\u010d Dolphin?<\/p><\/div>\n<p>Das <a href=\"https:\/\/www.valamar.com\/de\/porecki-delfin\"><strong>Pore\u010d Dolphin<\/strong><\/a> ist eine beliebte Schwimmveranstaltung, die f\u00fcr ihren nicht wettbewerbsorientierten Freizeitcharakter gefeiert wird. Die Veranstaltung ist f\u00fcr alle Alters- und Leistungsstufen offen und l\u00e4dt die Teilnehmer dazu ein, die beeindruckende Adriak\u00fcste zu genie\u00dfen und dabei in ihrem eigenen Tempo zu schwimmen. Es geht mehr um das Erlebnis als um das Rennen.<\/p>\n<p>In den letzten Jahren hat sich die Veranstaltung zu einem Festival des Wassersports entwickelt, das \u00fcber den zentralen Schwimmmarathon hinausgeht. W\u00e4hrend Schwimmer nach wie vor zwischen Distanzen von 1.500, 3.000 und 5.000 Metern \u2013 oder einer 500-Meter-Strecke f\u00fcr Kinder und Anf\u00e4nger \u2013 w\u00e4hlen k\u00f6nnen, erg\u00e4nzen nun SUP-Regatta, Wasserball-Turniere, Aquathlon und Kajakfahren das Wassersportprogramm. Was zeichnet den Pore\u010d Dolphin besonders aus? Die Freiheit, in jedem Stil zu schwimmen und lustige Hilfsmittel wie Flossen, Masken, Schwimmbretter oder sogar Luftmatratzen benutzen zu k\u00f6nnen!<\/p>\n<h3><strong>Istria300\u00a0<\/strong><\/h3>\n<div id=\"attachment_13995\" style=\"width: 810px\" class=\"wp-caption aligncenter\"><img loading=\"lazy\" decoding=\"async\" aria-describedby=\"caption-attachment-13995\" class=\"wp-image-13995 size-full\" title=\"Cyclists racing along the countryside road during the Istria300 cycling event\" src=\"https:\/\/blog.valamar.com\/wp-content\/uploads\/2025\/03\/image1.jpg\" alt=\"Radfahrer fahren auf der Landstra\u00dfe w\u00e4hrend des Istria300-Radrennens\" width=\"800\" height=\"533\" srcset=\"https:\/\/blog.valamar.com\/wp-content\/uploads\/2025\/03\/image1.jpg 800w, https:\/\/blog.valamar.com\/wp-content\/uploads\/2025\/03\/image1-250x167.jpg 250w, https:\/\/blog.valamar.com\/wp-content\/uploads\/2025\/03\/image1-700x466.jpg 700w, https:\/\/blog.valamar.com\/wp-content\/uploads\/2025\/03\/image1-768x512.jpg 768w, https:\/\/blog.valamar.com\/wp-content\/uploads\/2025\/03\/image1-120x80.jpg 120w\" sizes=\"auto, (max-width: 800px) 100vw, 800px\" \/><p id=\"caption-attachment-13995\" class=\"wp-caption-text\">Radeln Sie auf den sch\u00f6nsten Routen Istriens<\/p><\/div>\n<p>Radsportbegeisterte, machen Sie sich bereit f\u00fcr <a href=\"https:\/\/www.valamar.com\/de\/race-istria\"><strong>Istria300<\/strong><\/a>, ein erstklassiges Langstrecken-Radrennen mit Strecken \u00fcber 300, 235 und 155 Kilometer. Diese aufregende Herausforderung f\u00fchrt die Teilnehmer durch die atemberaubenden Landschaften Istriens und kombiniert malerische Landschaften, ausgedehnte Weinberge und atemberaubende K\u00fcstenstreifen zu einem einzigartigen Erlebnis.<\/p>\n<p>Die Teilnehmer werden unglaubliche Ausblicke genie\u00dfen und gleichzeitig ihre Ausdauer auf landschaftlich reizvollen, aber anspruchsvollen Strecken testen. Egal, ob Sie ein erfahrener Radfahrer oder ein leidenschaftlicher Radsportler sind, Istria300 bietet die perfekte Mischung aus Abenteuer und Natursch\u00f6nheit und ist damit ein Muss f\u00fcr jeden, der eine echte Herausforderung sucht.<\/p>\n<h2>Warum Pore\u010d auf Ihrem Event-Radar\u00a0 sein sollte<\/h2>\n<p>Mit seinem aufregenden Veranstaltungskalender ist Pore\u010d mehr als nur ein sch\u00f6nes Reiseziel \u2013 es ist ein Zentrum f\u00fcr Kultur, Genuss, Musik und Abenteuer.<\/p>\n<p>Von der Entdeckung jahrhundertealter Traditionen bis hin zum Tanzen an der Adria, von der Verkostung erstklassiger Weine bis hin zum Schwimmen an der K\u00fcste \u2013 es gibt wirklich keinen Mangel an besonderen Erlebnissen.<\/p>\n<p>Suchen Sie nach bevorstehenden Veranstaltungen in Pore\u010d? Jetzt, wo Sie wissen, was Sie erwartet, sollten Sie Ihre Reise planen, um (mindestens) eines dieser unglaublichen Ereignisse in Pore\u010d zu erleben.<\/p>\n","protected":false},"excerpt":{"rendered":"Wenn es darum geht, reiche Traditionen, atemberaubende K\u00fcstenlandschaften und lebendige Feste zu vereinen, ist Pore\u010d eines der aufregendsten Veranstaltungsziele Kroatiens. Es ist eine Stadt, die das ganze Jahr \u00fcber mit Veranstaltungen aufwartet. Egal, ob Sie sich f\u00fcr Musik, Essen, Sport oder Kultur interessieren, hier es ist immer etwas los.","protected":false},"author":8,"featured_media":13982,"comment_status":"open","ping_status":"open","sticky":false,"template":"","format":"standard","meta":{"_acf_changed":false,"footnotes":""},"categories":[39],"tags":[89,84],"class_list":["post-14003","post","type-post","status-publish","format-standard","has-post-thumbnail","hentry","category-events-de","tag-porec-de","tag-porec"],"acf":[],"yoast_head":"<!-- This site is optimized with the Yoast SEO plugin v26.1.1 - https:\/\/yoast.com\/wordpress\/plugins\/seo\/ -->\n<title>Entdecken Sie die besten Veranstaltungen in Pore\u010d<\/title>\n<meta name=\"description\" content=\"Von Kulturfestivals bis hin zu kulinarischen und sportlichen Veranstaltungen: Entdecken Sie die besten Events in Pore\u010d und planen Sie Ihren perfekten Urlaub.\" \/>\n<meta name=\"robots\" content=\"index, follow, max-snippet:-1, max-image-preview:large, max-video-preview:-1\" \/>\n<link rel=\"canonical\" href=\"https:\/\/blog.valamar.com\/de\/veranstaltungen-in-porec-die-sie-nicht-verpassen-sollten\/\" \/>\n<meta property=\"og:locale\" content=\"de_DE\" \/>\n<meta property=\"og:type\" content=\"article\" \/>\n<meta property=\"og:title\" content=\"Entdecken Sie die besten Veranstaltungen in Pore\u010d\" \/>\n<meta property=\"og:description\" content=\"Von Kulturfestivals bis hin zu kulinarischen und sportlichen Veranstaltungen: Entdecken Sie die besten Events in Pore\u010d und planen Sie Ihren perfekten Urlaub.\" \/>\n<meta property=\"og:url\" content=\"https:\/\/blog.valamar.com\/de\/veranstaltungen-in-porec-die-sie-nicht-verpassen-sollten\/\" \/>\n<meta property=\"og:site_name\" content=\"Immer Meer. Kroatien.\" \/>\n<meta property=\"article:author\" content=\"https:\/\/web.facebook.com\/ValamarHotels.Resorts\/\" \/>\n<meta property=\"article:published_time\" content=\"2025-03-11T09:34:32+00:00\" \/>\n<meta property=\"og:image\" content=\"https:\/\/blog.valamar.com\/wp-content\/uploads\/2025\/03\/image2.jpg\" \/>\n\t<meta property=\"og:image:width\" content=\"800\" \/>\n\t<meta property=\"og:image:height\" content=\"533\" \/>\n\t<meta property=\"og:image:type\" content=\"image\/jpeg\" \/>\n<meta name=\"author\" content=\"ValamArtists\" \/>\n<meta name=\"twitter:card\" content=\"summary_large_image\" \/>\n<meta name=\"twitter:creator\" content=\"@valamarhotels\" \/>\n<meta name=\"twitter:label1\" content=\"Verfasst von\" \/>\n\t<meta name=\"twitter:data1\" content=\"ValamArtists\" \/>\n\t<meta name=\"twitter:label2\" content=\"Gesch\u00e4tzte Lesezeit\" \/>\n\t<meta name=\"twitter:data2\" content=\"9\u00a0Minuten\" \/>\n<script type=\"application\/ld+json\" class=\"yoast-schema-graph\">{\"@context\":\"https:\/\/schema.org\",\"@graph\":[{\"@type\":\"WebPage\",\"@id\":\"https:\/\/blog.valamar.com\/de\/veranstaltungen-in-porec-die-sie-nicht-verpassen-sollten\/\",\"url\":\"https:\/\/blog.valamar.com\/de\/veranstaltungen-in-porec-die-sie-nicht-verpassen-sollten\/\",\"name\":\"Entdecken Sie die besten Veranstaltungen in Pore\u010d\",\"isPartOf\":{\"@id\":\"https:\/\/blog.valamar.com\/de\/#website\"},\"primaryImageOfPage\":{\"@id\":\"https:\/\/blog.valamar.com\/de\/veranstaltungen-in-porec-die-sie-nicht-verpassen-sollten\/#primaryimage\"},\"image\":{\"@id\":\"https:\/\/blog.valamar.com\/de\/veranstaltungen-in-porec-die-sie-nicht-verpassen-sollten\/#primaryimage\"},\"thumbnailUrl\":\"https:\/\/blog.valamar.com\/wp-content\/uploads\/2025\/03\/image2.jpg\",\"datePublished\":\"2025-03-11T09:34:32+00:00\",\"author\":{\"@id\":\"https:\/\/blog.valamar.com\/de\/#\/schema\/person\/f025362883cb4987e5a6b05daf2d058d\"},\"description\":\"Von Kulturfestivals bis hin zu kulinarischen und sportlichen Veranstaltungen: Entdecken Sie die besten Events in Pore\u010d und planen Sie Ihren perfekten Urlaub.\",\"breadcrumb\":{\"@id\":\"https:\/\/blog.valamar.com\/de\/veranstaltungen-in-porec-die-sie-nicht-verpassen-sollten\/#breadcrumb\"},\"inLanguage\":\"de\",\"potentialAction\":[{\"@type\":\"ReadAction\",\"target\":[\"https:\/\/blog.valamar.com\/de\/veranstaltungen-in-porec-die-sie-nicht-verpassen-sollten\/\"]}]},{\"@type\":\"ImageObject\",\"inLanguage\":\"de\",\"@id\":\"https:\/\/blog.valamar.com\/de\/veranstaltungen-in-porec-die-sie-nicht-verpassen-sollten\/#primaryimage\",\"url\":\"https:\/\/blog.valamar.com\/wp-content\/uploads\/2025\/03\/image2.jpg\",\"contentUrl\":\"https:\/\/blog.valamar.com\/wp-content\/uploads\/2025\/03\/image2.jpg\",\"width\":800,\"height\":533,\"caption\":\"Sun, music, and endless fun - welcome to Pore\u010d Summer\"},{\"@type\":\"BreadcrumbList\",\"@id\":\"https:\/\/blog.valamar.com\/de\/veranstaltungen-in-porec-die-sie-nicht-verpassen-sollten\/#breadcrumb\",\"itemListElement\":[{\"@type\":\"ListItem\",\"position\":1,\"name\":\"Home\",\"item\":\"https:\/\/blog.valamar.com\/de\/\"},{\"@type\":\"ListItem\",\"position\":2,\"name\":\"Veranstaltungen in Pore\u010d, die Sie nicht verpassen sollten\"}]},{\"@type\":\"WebSite\",\"@id\":\"https:\/\/blog.valamar.com\/de\/#website\",\"url\":\"https:\/\/blog.valamar.com\/de\/\",\"name\":\"Immer Meer. Kroatien.\",\"description\":\"Blog \u00fcber einen perfekten Urlaub in Kroatien\",\"potentialAction\":[{\"@type\":\"SearchAction\",\"target\":{\"@type\":\"EntryPoint\",\"urlTemplate\":\"https:\/\/blog.valamar.com\/de\/?s={search_term_string}\"},\"query-input\":{\"@type\":\"PropertyValueSpecification\",\"valueRequired\":true,\"valueName\":\"search_term_string\"}}],\"inLanguage\":\"de\"},{\"@type\":\"Person\",\"@id\":\"https:\/\/blog.valamar.com\/de\/#\/schema\/person\/f025362883cb4987e5a6b05daf2d058d\",\"name\":\"ValamArtists\",\"image\":{\"@type\":\"ImageObject\",\"inLanguage\":\"de\",\"@id\":\"https:\/\/blog.valamar.com\/de\/#\/schema\/person\/image\/\",\"url\":\"https:\/\/blog.valamar.com\/wp-content\/uploads\/2024\/10\/shell-color-1-120x120.png\",\"contentUrl\":\"https:\/\/blog.valamar.com\/wp-content\/uploads\/2024\/10\/shell-color-1-120x120.png\",\"caption\":\"ValamArtists\"},\"description\":\"Bloggers, journalists, tourist guides, artists, entertainers and all kinds of hospitality experts and enthusiasts have gathered under the ValamArtists handle to lovingly bring you the best out of the Croatian holiday experience. Enjoy the ride!\",\"sameAs\":[\"http:\/\/valamar.com\",\"https:\/\/web.facebook.com\/ValamarHotels.Resorts\/\",\"https:\/\/www.instagram.com\/valamarhotels\",\"https:\/\/www.linkedin.com\/company\/valamar\",\"https:\/\/x.com\/valamarhotels\",\"https:\/\/www.youtube.com\/channel\/UCZakC_wzU5Xl9h37Ur39Fgw\"]}]}<\/script>\n<!-- \/ Yoast SEO plugin. -->","yoast_head_json":{"title":"Entdecken Sie die besten Veranstaltungen in Pore\u010d","description":"Von Kulturfestivals bis hin zu kulinarischen und sportlichen Veranstaltungen: Entdecken Sie die besten Events in Pore\u010d und planen Sie Ihren perfekten Urlaub.","robots":{"index":"index","follow":"follow","max-snippet":"max-snippet:-1","max-image-preview":"max-image-preview:large","max-video-preview":"max-video-preview:-1"},"canonical":"https:\/\/blog.valamar.com\/de\/veranstaltungen-in-porec-die-sie-nicht-verpassen-sollten\/","og_locale":"de_DE","og_type":"article","og_title":"Entdecken Sie die besten Veranstaltungen in Pore\u010d","og_description":"Von Kulturfestivals bis hin zu kulinarischen und sportlichen Veranstaltungen: Entdecken Sie die besten Events in Pore\u010d und planen Sie Ihren perfekten Urlaub.","og_url":"https:\/\/blog.valamar.com\/de\/veranstaltungen-in-porec-die-sie-nicht-verpassen-sollten\/","og_site_name":"Immer Meer. Kroatien.","article_author":"https:\/\/web.facebook.com\/ValamarHotels.Resorts\/","article_published_time":"2025-03-11T09:34:32+00:00","og_image":[{"width":800,"height":533,"url":"https:\/\/blog.valamar.com\/wp-content\/uploads\/2025\/03\/image2.jpg","type":"image\/jpeg"}],"author":"ValamArtists","twitter_card":"summary_large_image","twitter_creator":"@valamarhotels","twitter_misc":{"Verfasst von":"ValamArtists","Gesch\u00e4tzte Lesezeit":"9\u00a0Minuten"},"schema":{"@context":"https:\/\/schema.org","@graph":[{"@type":"WebPage","@id":"https:\/\/blog.valamar.com\/de\/veranstaltungen-in-porec-die-sie-nicht-verpassen-sollten\/","url":"https:\/\/blog.valamar.com\/de\/veranstaltungen-in-porec-die-sie-nicht-verpassen-sollten\/","name":"Entdecken Sie die besten Veranstaltungen in Pore\u010d","isPartOf":{"@id":"https:\/\/blog.valamar.com\/de\/#website"},"primaryImageOfPage":{"@id":"https:\/\/blog.valamar.com\/de\/veranstaltungen-in-porec-die-sie-nicht-verpassen-sollten\/#primaryimage"},"image":{"@id":"https:\/\/blog.valamar.com\/de\/veranstaltungen-in-porec-die-sie-nicht-verpassen-sollten\/#primaryimage"},"thumbnailUrl":"https:\/\/blog.valamar.com\/wp-content\/uploads\/2025\/03\/image2.jpg","datePublished":"2025-03-11T09:34:32+00:00","author":{"@id":"https:\/\/blog.valamar.com\/de\/#\/schema\/person\/f025362883cb4987e5a6b05daf2d058d"},"description":"Von Kulturfestivals bis hin zu kulinarischen und sportlichen Veranstaltungen: Entdecken Sie die besten Events in Pore\u010d und planen Sie Ihren perfekten Urlaub.","breadcrumb":{"@id":"https:\/\/blog.valamar.com\/de\/veranstaltungen-in-porec-die-sie-nicht-verpassen-sollten\/#breadcrumb"},"inLanguage":"de","potentialAction":[{"@type":"ReadAction","target":["https:\/\/blog.valamar.com\/de\/veranstaltungen-in-porec-die-sie-nicht-verpassen-sollten\/"]}]},{"@type":"ImageObject","inLanguage":"de","@id":"https:\/\/blog.valamar.com\/de\/veranstaltungen-in-porec-die-sie-nicht-verpassen-sollten\/#primaryimage","url":"https:\/\/blog.valamar.com\/wp-content\/uploads\/2025\/03\/image2.jpg","contentUrl":"https:\/\/blog.valamar.com\/wp-content\/uploads\/2025\/03\/image2.jpg","width":800,"height":533,"caption":"Sun, music, and endless fun - welcome to Pore\u010d Summer"},{"@type":"BreadcrumbList","@id":"https:\/\/blog.valamar.com\/de\/veranstaltungen-in-porec-die-sie-nicht-verpassen-sollten\/#breadcrumb","itemListElement":[{"@type":"ListItem","position":1,"name":"Home","item":"https:\/\/blog.valamar.com\/de\/"},{"@type":"ListItem","position":2,"name":"Veranstaltungen in Pore\u010d, die Sie nicht verpassen sollten"}]},{"@type":"WebSite","@id":"https:\/\/blog.valamar.com\/de\/#website","url":"https:\/\/blog.valamar.com\/de\/","name":"Immer Meer. Kroatien.","description":"Blog \u00fcber einen perfekten Urlaub in Kroatien","potentialAction":[{"@type":"SearchAction","target":{"@type":"EntryPoint","urlTemplate":"https:\/\/blog.valamar.com\/de\/?s={search_term_string}"},"query-input":{"@type":"PropertyValueSpecification","valueRequired":true,"valueName":"search_term_string"}}],"inLanguage":"de"},{"@type":"Person","@id":"https:\/\/blog.valamar.com\/de\/#\/schema\/person\/f025362883cb4987e5a6b05daf2d058d","name":"ValamArtists","image":{"@type":"ImageObject","inLanguage":"de","@id":"https:\/\/blog.valamar.com\/de\/#\/schema\/person\/image\/","url":"https:\/\/blog.valamar.com\/wp-content\/uploads\/2024\/10\/shell-color-1-120x120.png","contentUrl":"https:\/\/blog.valamar.com\/wp-content\/uploads\/2024\/10\/shell-color-1-120x120.png","caption":"ValamArtists"},"description":"Bloggers, journalists, tourist guides, artists, entertainers and all kinds of hospitality experts and enthusiasts have gathered under the ValamArtists handle to lovingly bring you the best out of the Croatian holiday experience. Enjoy the ride!","sameAs":["http:\/\/valamar.com","https:\/\/web.facebook.com\/ValamarHotels.Resorts\/","https:\/\/www.instagram.com\/valamarhotels","https:\/\/www.linkedin.com\/company\/valamar","https:\/\/x.com\/valamarhotels","https:\/\/www.youtube.com\/channel\/UCZakC_wzU5Xl9h37Ur39Fgw"]}]}},"_links":{"self":[{"href":"https:\/\/blog.valamar.com\/de\/wp-json\/wp\/v2\/posts\/14003","targetHints":{"allow":["GET"]}}],"collection":[{"href":"https:\/\/blog.valamar.com\/de\/wp-json\/wp\/v2\/posts"}],"about":[{"href":"https:\/\/blog.valamar.com\/de\/wp-json\/wp\/v2\/types\/post"}],"author":[{"embeddable":true,"href":"https:\/\/blog.valamar.com\/de\/wp-json\/wp\/v2\/users\/8"}],"replies":[{"embeddable":true,"href":"https:\/\/blog.valamar.com\/de\/wp-json\/wp\/v2\/comments?post=14003"}],"version-history":[{"count":3,"href":"https:\/\/blog.valamar.com\/de\/wp-json\/wp\/v2\/posts\/14003\/revisions"}],"predecessor-version":[{"id":14062,"href":"https:\/\/blog.valamar.com\/de\/wp-json\/wp\/v2\/posts\/14003\/revisions\/14062"}],"wp:featuredmedia":[{"embeddable":true,"href":"https:\/\/blog.valamar.com\/de\/wp-json\/wp\/v2\/media\/13982"}],"wp:attachment":[{"href":"https:\/\/blog.valamar.com\/de\/wp-json\/wp\/v2\/media?parent=14003"}],"wp:term":[{"taxonomy":"category","embeddable":true,"href":"https:\/\/blog.valamar.com\/de\/wp-json\/wp\/v2\/categories?post=14003"},{"taxonomy":"post_tag","embeddable":true,"href":"https:\/\/blog.valamar.com\/de\/wp-json\/wp\/v2\/tags?post=14003"}],"curies":[{"name":"wp","href":"https:\/\/api.w.org\/{rel}","templated":true}]}}