{"id":11896,"date":"2024-08-13T13:01:18","date_gmt":"2024-08-13T13:01:18","guid":{"rendered":"https:\/\/blog.valamar.com\/?p=11896"},"modified":"2025-04-08T13:11:44","modified_gmt":"2025-04-08T13:11:44","slug":"veranstaltungen-in-kroatien-die-sie-im-august-und-september-unbedingt-besuchen-sollten","status":"publish","type":"post","link":"https:\/\/blog.valamar.com\/de\/veranstaltungen-in-kroatien-die-sie-im-august-und-september-unbedingt-besuchen-sollten\/","title":{"rendered":"Veranstaltungen in Kroatien, die Sie im August und September unbedingt besuchen sollten"},"content":{"rendered":"<h2><strong>Rab Film Festival: 23.\u201327. August<\/strong><\/h2>\n<div id=\"attachment_11876\" style=\"width: 2570px\" class=\"wp-caption aligncenter\"><img loading=\"lazy\" decoding=\"async\" aria-describedby=\"caption-attachment-11876\" class=\"wp-image-11876 size-full\" src=\"https:\/\/blog.valamar.com\/wp-content\/uploads\/2024\/08\/DSC_7269-5-scaled.jpg\" alt=\"Sommerliche Filmvorf\u00fchrung im Freien\" width=\"2560\" height=\"1703\" srcset=\"https:\/\/blog.valamar.com\/wp-content\/uploads\/2024\/08\/DSC_7269-5-scaled.jpg 2560w, https:\/\/blog.valamar.com\/wp-content\/uploads\/2024\/08\/DSC_7269-5-250x166.jpg 250w, https:\/\/blog.valamar.com\/wp-content\/uploads\/2024\/08\/DSC_7269-5-700x466.jpg 700w, https:\/\/blog.valamar.com\/wp-content\/uploads\/2024\/08\/DSC_7269-5-768x511.jpg 768w, https:\/\/blog.valamar.com\/wp-content\/uploads\/2024\/08\/DSC_7269-5-1536x1022.jpg 1536w, https:\/\/blog.valamar.com\/wp-content\/uploads\/2024\/08\/DSC_7269-5-2048x1363.jpg 2048w, https:\/\/blog.valamar.com\/wp-content\/uploads\/2024\/08\/DSC_7269-5-120x80.jpg 120w\" sizes=\"auto, (max-width: 2560px) 100vw, 2560px\" \/><p id=\"caption-attachment-11876\" class=\"wp-caption-text\">Rab Film Festival Kinovorf\u00fchrung<\/p><\/div>\n<p>Wer im August eine Veranstaltung in Kroatien besuchen m\u00f6chte, sollte auf jeden Fall auf Rab vorbeischauen. Vom 23. bis zum 27. August bringt das <a href=\"https:\/\/www.valamar.com\/de\/rab-film-festival\"><strong>Rab Film Festival<\/strong><\/a> (RAFF) in sechster Auflage ein fantastisches Filmprogramm in die bezaubernde Stadt <a href=\"https:\/\/blog.valamar.com\/de\/ein-erholsamer-sommerurlaub-mit-ihrer-familie-auf-der-insel-rab-2\/\"><strong>Rab<\/strong><\/a>!<\/p>\n<p>Er\u00f6ffnet wird das Festival mit dem Film \u201eDer Mann, der nicht schweigen konnte\u201c von Neboj\u0161a Slijep\u010devi\u0107, der bei den Filmfestspielen von Cannes mit der Goldenen Palme ausgezeichnet wurde, mit Goran Bogdan in der Hauptrolle. Auf dem Festival findet zudem die kroatische Premiere von \u201eLes Ind\u00e9sirables\u201c von Ladj Ly statt, an der auch die Hauptdarsteller Alexis Manenti, Anta Diaw und Aristote Luyindula teilnehmen. Der Film ist eine Art Fortsetzung seines oscarnominierten und in Cannes pr\u00e4mierten Films \u201eLes Miserables\u201c, und der auch Gewinner des ersten Rab Film Festivals ist.<\/p>\n<div id=\"attachment_11878\" style=\"width: 1930px\" class=\"wp-caption aligncenter\"><img loading=\"lazy\" decoding=\"async\" aria-describedby=\"caption-attachment-11878\" class=\"wp-image-11878 size-full\" src=\"https:\/\/blog.valamar.com\/wp-content\/uploads\/2024\/08\/x2dana-42.jpg\" alt=\"Publikum bei einem Sommerevent im Freien\" width=\"1920\" height=\"1280\" srcset=\"https:\/\/blog.valamar.com\/wp-content\/uploads\/2024\/08\/x2dana-42.jpg 1920w, https:\/\/blog.valamar.com\/wp-content\/uploads\/2024\/08\/x2dana-42-250x167.jpg 250w, https:\/\/blog.valamar.com\/wp-content\/uploads\/2024\/08\/x2dana-42-700x467.jpg 700w, https:\/\/blog.valamar.com\/wp-content\/uploads\/2024\/08\/x2dana-42-768x512.jpg 768w, https:\/\/blog.valamar.com\/wp-content\/uploads\/2024\/08\/x2dana-42-1536x1024.jpg 1536w, https:\/\/blog.valamar.com\/wp-content\/uploads\/2024\/08\/x2dana-42-120x80.jpg 120w\" sizes=\"auto, (max-width: 1920px) 100vw, 1920px\" \/><p id=\"caption-attachment-11878\" class=\"wp-caption-text\">Publikum beim Rab Film Festival<\/p><\/div>\n<p>Ein weiteres Highlight ist die kroatische Premiere des d\u00e4nischen Films \u201eKing\u2019s Land\u201c (ebenfalls f\u00fcr den Oscar nominiert) mit Mads Mikkelsen in der Hauptrolle, in Zusammenarbeit mit der Botschaft des K\u00f6nigreichs D\u00e4nemark. Auf dem diesj\u00e4hrigen RAFF werden auch kroatische Filmemacher zu sehen sein, darunter der bekannte Dokumentarfilmer Goran Devi\u0107.<\/p>\n<p>Neben der beeindruckenden Filmauswahl bietet das \u201eRAFF Beat\u201c am Samstag, den 24. August Auftritte von Zdenka Kova\u010di\u010dek und ihrer Band; von DJ Maestro, der Jazz, Blues und Elektromusik kombiniert; und der Amsterdamer und Zagreber Band Soul Shadows. Mit seinem Mix aus Film und Musik verspricht das RAFF ein lebendiges Kulturevent und ein gro\u00dfartiges Erlebnis f\u00fcr alle, die Ende August auf der malerischen Insel Rab unterwegs sind!<\/p>\n<h2><strong>Der Pore\u010d Dolphin: 30.\u201331. August<\/strong><\/h2>\n<div id=\"attachment_11880\" style=\"width: 2570px\" class=\"wp-caption aligncenter\"><img loading=\"lazy\" decoding=\"async\" aria-describedby=\"caption-attachment-11880\" class=\"wp-image-11880 size-full\" src=\"https:\/\/blog.valamar.com\/wp-content\/uploads\/2024\/08\/102_manuel_paljuh_mpp-scaled.jpg\" alt=\"Schwimmer vor Pore\u010d, Istrien\" width=\"2560\" height=\"1707\" srcset=\"https:\/\/blog.valamar.com\/wp-content\/uploads\/2024\/08\/102_manuel_paljuh_mpp-scaled.jpg 2560w, https:\/\/blog.valamar.com\/wp-content\/uploads\/2024\/08\/102_manuel_paljuh_mpp-250x167.jpg 250w, https:\/\/blog.valamar.com\/wp-content\/uploads\/2024\/08\/102_manuel_paljuh_mpp-700x467.jpg 700w, https:\/\/blog.valamar.com\/wp-content\/uploads\/2024\/08\/102_manuel_paljuh_mpp-768x512.jpg 768w, https:\/\/blog.valamar.com\/wp-content\/uploads\/2024\/08\/102_manuel_paljuh_mpp-1536x1024.jpg 1536w, https:\/\/blog.valamar.com\/wp-content\/uploads\/2024\/08\/102_manuel_paljuh_mpp-2048x1365.jpg 2048w, https:\/\/blog.valamar.com\/wp-content\/uploads\/2024\/08\/102_manuel_paljuh_mpp-120x80.jpg 120w\" sizes=\"auto, (max-width: 2560px) 100vw, 2560px\" \/><p id=\"caption-attachment-11880\" class=\"wp-caption-text\">Schwimmer vor Pore\u010d, Istrien<\/p><\/div>\n<p>Kroatiens beliebter Schwimm-Marathon, der <a href=\"https:\/\/www.valamar.com\/de\/porecki-delfin\"><strong>Pore\u010d Dolphin<\/strong><\/a>, wird in diesem Jahr zu einem gro\u00dfen Wassersportfestival erweitert. Die zweit\u00e4gige Veranstaltung, die am 30. und 31. August am Strand Valamar Parentino in <a href=\"https:\/\/blog.valamar.com\/de\/so-verbringen-sie-ein-abenteuerreiches-wochenende-in-porec\/\"><strong>Pore\u010d<\/strong><\/a> stattfindet, bietet vielf\u00e4ltige Aktivit\u00e4ten f\u00fcr alle Altersgruppen.<\/p>\n<p>Mit einigen Neuerungen und vielen neuen Angeboten setzt die 23. Ausgabe des Pore\u010d Dolphin seine langj\u00e4hrige Tradition fort. Der popul\u00e4re Schwimmwettbewerb, ein fester Bestandteil der Sommeraktivit\u00e4ten in Pore\u010d, entwickelt sich Schritt f\u00fcr Schritt zu einem Festival f\u00fcr alle Wassersportbegeisterten und f\u00fcr alle, die einfach nur den Sommerspa\u00df genie\u00dfen wollen.<\/p>\n<div id=\"attachment_11854\" style=\"width: 2570px\" class=\"wp-caption aligncenter\"><img loading=\"lazy\" decoding=\"async\" aria-describedby=\"caption-attachment-11854\" class=\"wp-image-11854 size-full\" src=\"https:\/\/blog.valamar.com\/wp-content\/uploads\/2024\/08\/097_manuel_paljuh_mpp-scaled.jpg\" alt=\"Schwimmer im Meer\" width=\"2560\" height=\"1707\" srcset=\"https:\/\/blog.valamar.com\/wp-content\/uploads\/2024\/08\/097_manuel_paljuh_mpp-scaled.jpg 2560w, https:\/\/blog.valamar.com\/wp-content\/uploads\/2024\/08\/097_manuel_paljuh_mpp-250x167.jpg 250w, https:\/\/blog.valamar.com\/wp-content\/uploads\/2024\/08\/097_manuel_paljuh_mpp-700x467.jpg 700w, https:\/\/blog.valamar.com\/wp-content\/uploads\/2024\/08\/097_manuel_paljuh_mpp-768x512.jpg 768w, https:\/\/blog.valamar.com\/wp-content\/uploads\/2024\/08\/097_manuel_paljuh_mpp-1536x1024.jpg 1536w, https:\/\/blog.valamar.com\/wp-content\/uploads\/2024\/08\/097_manuel_paljuh_mpp-2048x1365.jpg 2048w, https:\/\/blog.valamar.com\/wp-content\/uploads\/2024\/08\/097_manuel_paljuh_mpp-120x80.jpg 120w\" sizes=\"auto, (max-width: 2560px) 100vw, 2560px\" \/><p id=\"caption-attachment-11854\" class=\"wp-caption-text\">Schwimmer beim Pore\u010d Dolphin<\/p><\/div>\n<p>Es stehen verschiedene Schwimmwettk\u00e4mpfe zur Auswahl, darunter Rennen \u00fcber 1.500, 3.000 und 5.000 Meter sowie ein 500-Meter-Rennen f\u00fcr Schwimmer mit weniger Erfahrung. Den Teilnehmenden ist jeder Schwimmstil und jedes Hilfsmittel wie beispielsweise Flossen, Masken, Schwimmbretter oder Luftmatratzen erlaubt. Die Teilnahmegeb\u00fchr f\u00fcr den Schwimm-Marathon betr\u00e4gt 25 Euro. Die Anmeldung ist <a href=\"https:\/\/poreckidelfin.com\/en\/\"><strong>online<\/strong><\/a> bis zum 25. August m\u00f6glich oder am Tag des Marathons, Samstag, den 31. August, von 06:15 bis 13.30 Uhr am Anmeldungsschalter.<\/p>\n<div id=\"attachment_11856\" style=\"width: 2570px\" class=\"wp-caption aligncenter\"><img loading=\"lazy\" decoding=\"async\" aria-describedby=\"caption-attachment-11856\" class=\"wp-image-11856 size-full\" src=\"https:\/\/blog.valamar.com\/wp-content\/uploads\/2024\/08\/074_manuel_paljuh_mpp-scaled.jpg\" alt=\"Schwimmer tauchen ins Meer ein\" width=\"2560\" height=\"1707\" srcset=\"https:\/\/blog.valamar.com\/wp-content\/uploads\/2024\/08\/074_manuel_paljuh_mpp-scaled.jpg 2560w, https:\/\/blog.valamar.com\/wp-content\/uploads\/2024\/08\/074_manuel_paljuh_mpp-250x167.jpg 250w, https:\/\/blog.valamar.com\/wp-content\/uploads\/2024\/08\/074_manuel_paljuh_mpp-700x467.jpg 700w, https:\/\/blog.valamar.com\/wp-content\/uploads\/2024\/08\/074_manuel_paljuh_mpp-768x512.jpg 768w, https:\/\/blog.valamar.com\/wp-content\/uploads\/2024\/08\/074_manuel_paljuh_mpp-1536x1024.jpg 1536w, https:\/\/blog.valamar.com\/wp-content\/uploads\/2024\/08\/074_manuel_paljuh_mpp-2048x1365.jpg 2048w, https:\/\/blog.valamar.com\/wp-content\/uploads\/2024\/08\/074_manuel_paljuh_mpp-120x80.jpg 120w\" sizes=\"auto, (max-width: 2560px) 100vw, 2560px\" \/><p id=\"caption-attachment-11856\" class=\"wp-caption-text\">Das Event Pore\u010d Dolphin<\/p><\/div>\n<p>Zus\u00e4tzlich zum zentralen Schwimmwettbewerb f\u00fchrt das Festival in diesem Jahr <a href=\"https:\/\/blog.valamar.com\/de\/veranstaltungen-in-porec-die-sie-nicht-verpassen-sollten\/\"><strong>spannende neue Veranstaltungen<\/strong><\/a> und Aktivit\u00e4ten ein. Highlights im diesj\u00e4hrigen Programm sind ein Wasserballturnier mit einheimischen und internationalen Teams, ein Aquathlon-Wettbewerb und eine SUP-Regatta. Am zweiten Tag k\u00f6nnen sich Besucher auf den Cro-Cup-Wettkampf im Langstreckenschwimmen, ein Wasserballturnier f\u00fcr Kinder sowie die kostenlose Teilnahme an Segel-, SUP- und am Wurfspiel Cornhole freuen. Dar\u00fcber hinaus wird am Samstag am Strand Parentino ein kostenloser Wasserpark geboten.<\/p>\n<p>Das vom Sportverein der Stadt Pore\u010d organisierte Festival hat zum Ziel, Wassersport und eine gesunde Lebensweise zu f\u00f6rdern. Dabei spielt es keine Rolle, ob Sie Leistungsschwimmer sind oder einfach nur Spa\u00df im oder am Wasser haben wollen, der Pore\u010d Dolphin hat f\u00fcr alle etwas zu bieten.<\/p>\n<h2><strong>Tunalicious Festival Pore\u010d: 9.\u201315. September<\/strong><\/h2>\n<div id=\"attachment_11858\" style=\"width: 2570px\" class=\"wp-caption aligncenter\"><img loading=\"lazy\" decoding=\"async\" aria-describedby=\"caption-attachment-11858\" class=\"wp-image-11858 size-full\" src=\"https:\/\/blog.valamar.com\/wp-content\/uploads\/2024\/08\/007_manuel_paljuh-scaled.jpg\" alt=\"Thunfischfangboote\" width=\"2560\" height=\"1707\" srcset=\"https:\/\/blog.valamar.com\/wp-content\/uploads\/2024\/08\/007_manuel_paljuh-scaled.jpg 2560w, https:\/\/blog.valamar.com\/wp-content\/uploads\/2024\/08\/007_manuel_paljuh-250x167.jpg 250w, https:\/\/blog.valamar.com\/wp-content\/uploads\/2024\/08\/007_manuel_paljuh-700x467.jpg 700w, https:\/\/blog.valamar.com\/wp-content\/uploads\/2024\/08\/007_manuel_paljuh-768x512.jpg 768w, https:\/\/blog.valamar.com\/wp-content\/uploads\/2024\/08\/007_manuel_paljuh-1536x1024.jpg 1536w, https:\/\/blog.valamar.com\/wp-content\/uploads\/2024\/08\/007_manuel_paljuh-2048x1365.jpg 2048w, https:\/\/blog.valamar.com\/wp-content\/uploads\/2024\/08\/007_manuel_paljuh-120x80.jpg 120w\" sizes=\"auto, (max-width: 2560px) 100vw, 2560px\" \/><p id=\"caption-attachment-11858\" class=\"wp-caption-text\">Thunfischfangboote<\/p><\/div>\n<p><a href=\"https:\/\/www.valamar.com\/de\/big-game-tuna-porec\"><strong>Das Tunalicious Festival<\/strong><\/a> in Pore\u010d feiert den besten Thunfisch der Adria in einer gro\u00dfartigen Verbindung aus Gastronomie, Unterhaltung und Sport. Vom 9. bis 15. September wartet die siebte Ausgabe des Festivals mit vier Hauptveranstaltungen auf: die Tuna Restaurant Week, die Spinnaker Gourmet Stage am 12. September, das Tunalicious Street Food Festival und TunIstra, ein Wettbewerb im Gro\u00dffisch-Angeln.<\/p>\n<p>Das Highlight f\u00fcr Sportbegeisterte ist der TunIstra Angelwettbewerb, bei dem internationale Teams um den Fang des gr\u00f6\u00dften Blauflossenthuns wetteifern, mit t\u00e4glichem Wiegen und gem\u00e4\u00df \u201eCatch and Release\u201c-Prinzip. Vom 11. bis 14. September finden sich die teilnehmenden Boote in Pore\u010d ein, um an drei Tagen auf die herausfordernde Jagd nach der \u201eK\u00f6nigin der Adria\u201c zu gehen. F\u00fcr den Wettbewerb wurde eine Fangquote f\u00fcr Blauflossenthunfische ab 960 Kilogramm genehmigt. Jeden Tag wird der gr\u00f6\u00dfte gefangene Thunfisch gewogen und an der Uferpromenade von Pore\u010d ausgestellt, so dass Besucher ihn ganz aus der N\u00e4he betrachten k\u00f6nnen. Andere gefangene Thunfische sowie andere Fischarten werden nach dem \u201eCatch-and-Release\u201c-Prinzip wieder ins Meer freigelassen.<\/p>\n<div id=\"attachment_11860\" style=\"width: 2570px\" class=\"wp-caption aligncenter\"><img loading=\"lazy\" decoding=\"async\" aria-describedby=\"caption-attachment-11860\" class=\"wp-image-11860 size-full\" src=\"https:\/\/blog.valamar.com\/wp-content\/uploads\/2024\/08\/078_manuel_paljuh_mpp-scaled.jpg\" alt=\"Thunfisch-Exemplar \" width=\"2560\" height=\"1707\" srcset=\"https:\/\/blog.valamar.com\/wp-content\/uploads\/2024\/08\/078_manuel_paljuh_mpp-scaled.jpg 2560w, https:\/\/blog.valamar.com\/wp-content\/uploads\/2024\/08\/078_manuel_paljuh_mpp-250x167.jpg 250w, https:\/\/blog.valamar.com\/wp-content\/uploads\/2024\/08\/078_manuel_paljuh_mpp-700x467.jpg 700w, https:\/\/blog.valamar.com\/wp-content\/uploads\/2024\/08\/078_manuel_paljuh_mpp-768x512.jpg 768w, https:\/\/blog.valamar.com\/wp-content\/uploads\/2024\/08\/078_manuel_paljuh_mpp-1536x1024.jpg 1536w, https:\/\/blog.valamar.com\/wp-content\/uploads\/2024\/08\/078_manuel_paljuh_mpp-2048x1365.jpg 2048w, https:\/\/blog.valamar.com\/wp-content\/uploads\/2024\/08\/078_manuel_paljuh_mpp-120x80.jpg 120w\" sizes=\"auto, (max-width: 2560px) 100vw, 2560px\" \/><p id=\"caption-attachment-11860\" class=\"wp-caption-text\">Thunfisch-Exemplar beim Tunalicious Festival<\/p><\/div>\n<p>W\u00e4hrend der Tuna Restaurant Week bieten die lokalen Restaurants besondere Men\u00fcs mit Fokus auf innovative Thunfischgerichte zu Aktionspreisen an. Die Spinnaker Gourmet Stage, die am 12. September stattfindet, pr\u00e4sentiert ein Gourmet-Dinner von renommierten Chefk\u00f6chen, bei dem der adriatische Thunfisch und erlesene Weine im Mittelpunkt stehen.<\/p>\n<div id=\"attachment_11862\" style=\"width: 2570px\" class=\"wp-caption aligncenter\"><img loading=\"lazy\" decoding=\"async\" aria-describedby=\"caption-attachment-11862\" class=\"wp-image-11862 size-full\" src=\"https:\/\/blog.valamar.com\/wp-content\/uploads\/2024\/08\/084_manuel_paljuh_mpp-scaled.jpg\" alt=\"Thunfischgericht bei Tunalicious\" width=\"2560\" height=\"1707\" srcset=\"https:\/\/blog.valamar.com\/wp-content\/uploads\/2024\/08\/084_manuel_paljuh_mpp-scaled.jpg 2560w, https:\/\/blog.valamar.com\/wp-content\/uploads\/2024\/08\/084_manuel_paljuh_mpp-250x167.jpg 250w, https:\/\/blog.valamar.com\/wp-content\/uploads\/2024\/08\/084_manuel_paljuh_mpp-700x467.jpg 700w, https:\/\/blog.valamar.com\/wp-content\/uploads\/2024\/08\/084_manuel_paljuh_mpp-768x512.jpg 768w, https:\/\/blog.valamar.com\/wp-content\/uploads\/2024\/08\/084_manuel_paljuh_mpp-1536x1024.jpg 1536w, https:\/\/blog.valamar.com\/wp-content\/uploads\/2024\/08\/084_manuel_paljuh_mpp-2048x1365.jpg 2048w, https:\/\/blog.valamar.com\/wp-content\/uploads\/2024\/08\/084_manuel_paljuh_mpp-120x80.jpg 120w\" sizes=\"auto, (max-width: 2560px) 100vw, 2560px\" \/><p id=\"caption-attachment-11862\" class=\"wp-caption-text\">Gericht mit rohem Thunfisch<\/p><\/div>\n<p>Liebhaber von Streetfood k\u00f6nnen beim Tunalicious Street Food Festival vom 12. bis 14. September eine Vielzahl von Thunfischgerichten an Foodtrucks und St\u00e4nden probieren, begleitet von Livemusik beliebter regionaler Bands.<\/p>\n<p>Das Tunalicious Festival stellt nicht nur die kulinarischen K\u00f6stlichkeiten des Thunfischs in den Vordergrund, sondern bietet seinen Besuchern auch Unterhaltung und Spannung. Seien auch Sie bei diesem einzigartigen Event an Istriens K\u00fcste im September dabei!<\/p>\n<h2><strong>\u201eDays in the Vala\u201c in Stari Grad auf Hvar: 19.\u201322. September<\/strong><\/h2>\n<div id=\"attachment_11870\" style=\"width: 2152px\" class=\"wp-caption aligncenter\"><img loading=\"lazy\" decoding=\"async\" aria-describedby=\"caption-attachment-11870\" class=\"wp-image-11870 size-full\" src=\"https:\/\/blog.valamar.com\/wp-content\/uploads\/2024\/08\/P9248819_t.jpg\" alt=\"Segelboote vor einer Stadt am Meer\" width=\"2142\" height=\"1428\" srcset=\"https:\/\/blog.valamar.com\/wp-content\/uploads\/2024\/08\/P9248819_t.jpg 2142w, https:\/\/blog.valamar.com\/wp-content\/uploads\/2024\/08\/P9248819_t-250x167.jpg 250w, https:\/\/blog.valamar.com\/wp-content\/uploads\/2024\/08\/P9248819_t-700x467.jpg 700w, https:\/\/blog.valamar.com\/wp-content\/uploads\/2024\/08\/P9248819_t-768x512.jpg 768w, https:\/\/blog.valamar.com\/wp-content\/uploads\/2024\/08\/P9248819_t-1536x1024.jpg 1536w, https:\/\/blog.valamar.com\/wp-content\/uploads\/2024\/08\/P9248819_t-2048x1365.jpg 2048w, https:\/\/blog.valamar.com\/wp-content\/uploads\/2024\/08\/P9248819_t-120x80.jpg 120w\" sizes=\"auto, (max-width: 2142px) 100vw, 2142px\" \/><p id=\"caption-attachment-11870\" class=\"wp-caption-text\">Segelboote w\u00e4hrend der Veranstaltung \u201eDays in the Vala\u201c<\/p><\/div>\n<p><a href=\"https:\/\/www.valamar.com\/de\/event\/days-vala\"><strong>Das Days in the Vala<\/strong><\/a> Festival in Stari Grad auf der <a href=\"https:\/\/blog.valamar.com\/de\/die-top-drei-highlights-fuer-ihren-urlaub-auf-der-insel-hvar\/\"><strong>Insel Hvar<\/strong><\/a> ist ein maritimes Traditionsfest, das die Bucht vor der Stadt in eine lebhafte B\u00fchne voller traditioneller Boote verwandelt. Vom 19. bis 22. September k\u00f6nnen Besucher gastronomische K\u00f6stlichkeiten, Konzerte, Ausstellungen und Workshops genie\u00dfen, die das Erbe der Seefahrt im Mittelmeer feiern.<\/p>\n<p>In diesem Jahr pr\u00e4sentiert das K\u00f6nigreich der Niederlande als Festivalpartner sein maritimes Erbe zusammen mit kroatischen Traditionsschiffen. Zu der Veranstaltung geh\u00f6ren Segel- und Rudervorf\u00fchrungen, Bildungsangebote und die spektakul\u00e4re n\u00e4chtliche Bootsparade \u201eTanz der Segel und Lichter\u201c.<\/p>\n<div id=\"attachment_11864\" style=\"width: 2570px\" class=\"wp-caption aligncenter\"><img loading=\"lazy\" decoding=\"async\" aria-describedby=\"caption-attachment-11864\" class=\"wp-image-11864 size-full\" src=\"https:\/\/blog.valamar.com\/wp-content\/uploads\/2024\/08\/Velimir-Besic-2-scaled.jpg\" alt=\"Segelboote im Hafen \" width=\"2560\" height=\"1440\" srcset=\"https:\/\/blog.valamar.com\/wp-content\/uploads\/2024\/08\/Velimir-Besic-2-scaled.jpg 2560w, https:\/\/blog.valamar.com\/wp-content\/uploads\/2024\/08\/Velimir-Besic-2-250x141.jpg 250w, https:\/\/blog.valamar.com\/wp-content\/uploads\/2024\/08\/Velimir-Besic-2-700x394.jpg 700w, https:\/\/blog.valamar.com\/wp-content\/uploads\/2024\/08\/Velimir-Besic-2-768x432.jpg 768w, https:\/\/blog.valamar.com\/wp-content\/uploads\/2024\/08\/Velimir-Besic-2-1536x864.jpg 1536w, https:\/\/blog.valamar.com\/wp-content\/uploads\/2024\/08\/Velimir-Besic-2-2048x1152.jpg 2048w, https:\/\/blog.valamar.com\/wp-content\/uploads\/2024\/08\/Velimir-Besic-2-120x68.jpg 120w, https:\/\/blog.valamar.com\/wp-content\/uploads\/2024\/08\/Velimir-Besic-2-918x517.jpg 918w\" sizes=\"auto, (max-width: 2560px) 100vw, 2560px\" \/><p id=\"caption-attachment-11864\" class=\"wp-caption-text\">Segelboote im Hafen von Hvar<\/p><\/div>\n<p>Das Kulturprogramm beinhaltet Konzerte mit einem besonderen Auftritt der kroatischen S\u00e4ngerin Doris Dragovi\u0107. Das kulinarische Angebot des Festival widmet sich insbesondere der \u201eDalmatinska Marenda\u201c, einem traditionellen Imbiss Dalmatiens, der in den lokalen Restaurants neben anderen authentischen Gerichten preisg\u00fcnstig angeboten wird.<\/p>\n<p>Die \u201eDays in the Vala\u201c sind eine hervorragende Gelegenheit, die heimische maritime Kultur der Adria zu erleben, in einer perfekten Mischung aus Tradition, Kultur und Kulinarik.<\/p>\n<h2><strong>Genie\u00dfen Sie die Sp\u00e4tsommerevents in Kroatien<\/strong><\/h2>\n<p>Von August bis September herrscht in Kroatien kein Mangel an Veranstaltungen. Kroatiens Events bieten etwas f\u00fcr jeden Geschmack: Film und Musik auf der Insel Rab, das Wassersportfestival in Pore\u010d, das Gastro- und Angelspektakel Tunalicious oder das maritime Fest in Stari Grad auf der Insel Hvar. All diese Veranstaltungen pr\u00e4sentieren nicht nur die vielf\u00e4ltige Kultur und nat\u00fcrliche Sch\u00f6nheit Kroatiens, sondern bieten einzigartige Erlebnisse, die f\u00fcr unvergessliche Momente sorgen. Genie\u00dfen Sie den Sp\u00e4tsommer in Kroatien bei einem Besuch dieser unvergesslichen Events!<\/p>\n","protected":false},"excerpt":{"rendered":"Kroatien, mit seiner atemberaubenden Adriak\u00fcste und seinem reichen Kulturerbe, ist ein erstklassiges Reiseziel f\u00fcr unvergessliche Veranstaltungen von August bis in den Sp\u00e4tsommer. Vom Filmfestivals bis zum maritimen Traditionsfest bietet Kroatien eine Vielzahl an Erlebnism\u00f6glichkeiten f\u00fcr unterschiedlichste Interessen. Erfahren Sie mehr \u00fcber die Events in den kommenden Monaten, die Sie nicht verpassen sollten!\r\n","protected":false},"author":8,"featured_media":11871,"comment_status":"open","ping_status":"open","sticky":false,"template":"","format":"standard","meta":{"_acf_changed":false,"footnotes":""},"categories":[39],"tags":[59,64],"class_list":["post-11896","post","type-post","status-publish","format-standard","has-post-thumbnail","hentry","category-events-de","tag-events","tag-events-de"],"acf":[],"yoast_head":"<!-- This site is optimized with the Yoast SEO plugin v26.1.1 - https:\/\/yoast.com\/wordpress\/plugins\/seo\/ -->\n<title>Veranstaltungen in Kroatien, die Sie im August und September unbedingt besuchen sollten - Immer Meer. Kroatien.<\/title>\n<meta name=\"description\" content=\"Kroatien, mit seiner atemberaubenden Adriak\u00fcste und seinem reichen Kulturerbe, ist ein erstklassiges Reiseziel f\u00fcr unvergessliche Veranstaltungen von August bis in den Sp\u00e4tsommer. Vom Filmfestival bis zum maritimen Traditionsfest bietet Kroatien eine Vielzahl an Erlebnism\u00f6glichkeiten!\" \/>\n<meta name=\"robots\" content=\"index, follow, max-snippet:-1, max-image-preview:large, max-video-preview:-1\" \/>\n<link rel=\"canonical\" href=\"https:\/\/blog.valamar.com\/de\/veranstaltungen-in-kroatien-die-sie-im-august-und-september-unbedingt-besuchen-sollten\/\" \/>\n<meta property=\"og:locale\" content=\"de_DE\" \/>\n<meta property=\"og:type\" content=\"article\" \/>\n<meta property=\"og:title\" content=\"Veranstaltungen in Kroatien, die Sie im August und September unbedingt besuchen sollten - Immer Meer. Kroatien.\" \/>\n<meta property=\"og:description\" content=\"Kroatien, mit seiner atemberaubenden Adriak\u00fcste und seinem reichen Kulturerbe, ist ein erstklassiges Reiseziel f\u00fcr unvergessliche Veranstaltungen von August bis in den Sp\u00e4tsommer. Vom Filmfestival bis zum maritimen Traditionsfest bietet Kroatien eine Vielzahl an Erlebnism\u00f6glichkeiten!\" \/>\n<meta property=\"og:url\" content=\"https:\/\/blog.valamar.com\/de\/veranstaltungen-in-kroatien-die-sie-im-august-und-september-unbedingt-besuchen-sollten\/\" \/>\n<meta property=\"og:site_name\" content=\"Immer Meer. Kroatien.\" \/>\n<meta property=\"article:author\" content=\"https:\/\/web.facebook.com\/ValamarHotels.Resorts\/\" \/>\n<meta property=\"article:published_time\" content=\"2024-08-13T13:01:18+00:00\" \/>\n<meta property=\"article:modified_time\" content=\"2025-04-08T13:11:44+00:00\" \/>\n<meta property=\"og:image\" content=\"https:\/\/blog.valamar.com\/wp-content\/uploads\/2024\/08\/P9248819_t.jpg\" \/>\n\t<meta property=\"og:image:width\" content=\"2142\" \/>\n\t<meta property=\"og:image:height\" content=\"1428\" \/>\n\t<meta property=\"og:image:type\" content=\"image\/jpeg\" \/>\n<meta name=\"author\" content=\"ValamArtists\" \/>\n<meta name=\"twitter:card\" content=\"summary_large_image\" \/>\n<meta name=\"twitter:creator\" content=\"@valamarhotels\" \/>\n<meta name=\"twitter:label1\" content=\"Verfasst von\" \/>\n\t<meta name=\"twitter:data1\" content=\"ValamArtists\" \/>\n\t<meta name=\"twitter:label2\" content=\"Gesch\u00e4tzte Lesezeit\" \/>\n\t<meta name=\"twitter:data2\" content=\"8\u00a0Minuten\" \/>\n<script type=\"application\/ld+json\" class=\"yoast-schema-graph\">{\"@context\":\"https:\/\/schema.org\",\"@graph\":[{\"@type\":\"WebPage\",\"@id\":\"https:\/\/blog.valamar.com\/de\/veranstaltungen-in-kroatien-die-sie-im-august-und-september-unbedingt-besuchen-sollten\/\",\"url\":\"https:\/\/blog.valamar.com\/de\/veranstaltungen-in-kroatien-die-sie-im-august-und-september-unbedingt-besuchen-sollten\/\",\"name\":\"Veranstaltungen in Kroatien, die Sie im August und September unbedingt besuchen sollten - Immer Meer. Kroatien.\",\"isPartOf\":{\"@id\":\"https:\/\/blog.valamar.com\/de\/#website\"},\"primaryImageOfPage\":{\"@id\":\"https:\/\/blog.valamar.com\/de\/veranstaltungen-in-kroatien-die-sie-im-august-und-september-unbedingt-besuchen-sollten\/#primaryimage\"},\"image\":{\"@id\":\"https:\/\/blog.valamar.com\/de\/veranstaltungen-in-kroatien-die-sie-im-august-und-september-unbedingt-besuchen-sollten\/#primaryimage\"},\"thumbnailUrl\":\"https:\/\/blog.valamar.com\/wp-content\/uploads\/2024\/08\/P9248819_t.jpg\",\"datePublished\":\"2024-08-13T13:01:18+00:00\",\"dateModified\":\"2025-04-08T13:11:44+00:00\",\"author\":{\"@id\":\"https:\/\/blog.valamar.com\/de\/#\/schema\/person\/f025362883cb4987e5a6b05daf2d058d\"},\"description\":\"Kroatien, mit seiner atemberaubenden Adriak\u00fcste und seinem reichen Kulturerbe, ist ein erstklassiges Reiseziel f\u00fcr unvergessliche Veranstaltungen von August bis in den Sp\u00e4tsommer. Vom Filmfestival bis zum maritimen Traditionsfest bietet Kroatien eine Vielzahl an Erlebnism\u00f6glichkeiten!\",\"breadcrumb\":{\"@id\":\"https:\/\/blog.valamar.com\/de\/veranstaltungen-in-kroatien-die-sie-im-august-und-september-unbedingt-besuchen-sollten\/#breadcrumb\"},\"inLanguage\":\"de\",\"potentialAction\":[{\"@type\":\"ReadAction\",\"target\":[\"https:\/\/blog.valamar.com\/de\/veranstaltungen-in-kroatien-die-sie-im-august-und-september-unbedingt-besuchen-sollten\/\"]}]},{\"@type\":\"ImageObject\",\"inLanguage\":\"de\",\"@id\":\"https:\/\/blog.valamar.com\/de\/veranstaltungen-in-kroatien-die-sie-im-august-und-september-unbedingt-besuchen-sollten\/#primaryimage\",\"url\":\"https:\/\/blog.valamar.com\/wp-content\/uploads\/2024\/08\/P9248819_t.jpg\",\"contentUrl\":\"https:\/\/blog.valamar.com\/wp-content\/uploads\/2024\/08\/P9248819_t.jpg\",\"width\":2142,\"height\":1428,\"caption\":\"OLYMPUS DIGITAL CAMERA\"},{\"@type\":\"BreadcrumbList\",\"@id\":\"https:\/\/blog.valamar.com\/de\/veranstaltungen-in-kroatien-die-sie-im-august-und-september-unbedingt-besuchen-sollten\/#breadcrumb\",\"itemListElement\":[{\"@type\":\"ListItem\",\"position\":1,\"name\":\"Home\",\"item\":\"https:\/\/blog.valamar.com\/de\/\"},{\"@type\":\"ListItem\",\"position\":2,\"name\":\"Veranstaltungen in Kroatien, die Sie im August und September unbedingt besuchen sollten\"}]},{\"@type\":\"WebSite\",\"@id\":\"https:\/\/blog.valamar.com\/de\/#website\",\"url\":\"https:\/\/blog.valamar.com\/de\/\",\"name\":\"Immer Meer. Kroatien.\",\"description\":\"Blog \u00fcber einen perfekten Urlaub in Kroatien\",\"potentialAction\":[{\"@type\":\"SearchAction\",\"target\":{\"@type\":\"EntryPoint\",\"urlTemplate\":\"https:\/\/blog.valamar.com\/de\/?s={search_term_string}\"},\"query-input\":{\"@type\":\"PropertyValueSpecification\",\"valueRequired\":true,\"valueName\":\"search_term_string\"}}],\"inLanguage\":\"de\"},{\"@type\":\"Person\",\"@id\":\"https:\/\/blog.valamar.com\/de\/#\/schema\/person\/f025362883cb4987e5a6b05daf2d058d\",\"name\":\"ValamArtists\",\"image\":{\"@type\":\"ImageObject\",\"inLanguage\":\"de\",\"@id\":\"https:\/\/blog.valamar.com\/de\/#\/schema\/person\/image\/\",\"url\":\"https:\/\/blog.valamar.com\/wp-content\/uploads\/2024\/10\/shell-color-1-120x120.png\",\"contentUrl\":\"https:\/\/blog.valamar.com\/wp-content\/uploads\/2024\/10\/shell-color-1-120x120.png\",\"caption\":\"ValamArtists\"},\"description\":\"Bloggers, journalists, tourist guides, artists, entertainers and all kinds of hospitality experts and enthusiasts have gathered under the ValamArtists handle to lovingly bring you the best out of the Croatian holiday experience. Enjoy the ride!\",\"sameAs\":[\"http:\/\/valamar.com\",\"https:\/\/web.facebook.com\/ValamarHotels.Resorts\/\",\"https:\/\/www.instagram.com\/valamarhotels\",\"https:\/\/www.linkedin.com\/company\/valamar\",\"https:\/\/x.com\/valamarhotels\",\"https:\/\/www.youtube.com\/channel\/UCZakC_wzU5Xl9h37Ur39Fgw\"]}]}<\/script>\n<!-- \/ Yoast SEO plugin. -->","yoast_head_json":{"title":"Veranstaltungen in Kroatien, die Sie im August und September unbedingt besuchen sollten - Immer Meer. Kroatien.","description":"Kroatien, mit seiner atemberaubenden Adriak\u00fcste und seinem reichen Kulturerbe, ist ein erstklassiges Reiseziel f\u00fcr unvergessliche Veranstaltungen von August bis in den Sp\u00e4tsommer. Vom Filmfestival bis zum maritimen Traditionsfest bietet Kroatien eine Vielzahl an Erlebnism\u00f6glichkeiten!","robots":{"index":"index","follow":"follow","max-snippet":"max-snippet:-1","max-image-preview":"max-image-preview:large","max-video-preview":"max-video-preview:-1"},"canonical":"https:\/\/blog.valamar.com\/de\/veranstaltungen-in-kroatien-die-sie-im-august-und-september-unbedingt-besuchen-sollten\/","og_locale":"de_DE","og_type":"article","og_title":"Veranstaltungen in Kroatien, die Sie im August und September unbedingt besuchen sollten - Immer Meer. Kroatien.","og_description":"Kroatien, mit seiner atemberaubenden Adriak\u00fcste und seinem reichen Kulturerbe, ist ein erstklassiges Reiseziel f\u00fcr unvergessliche Veranstaltungen von August bis in den Sp\u00e4tsommer. Vom Filmfestival bis zum maritimen Traditionsfest bietet Kroatien eine Vielzahl an Erlebnism\u00f6glichkeiten!","og_url":"https:\/\/blog.valamar.com\/de\/veranstaltungen-in-kroatien-die-sie-im-august-und-september-unbedingt-besuchen-sollten\/","og_site_name":"Immer Meer. Kroatien.","article_author":"https:\/\/web.facebook.com\/ValamarHotels.Resorts\/","article_published_time":"2024-08-13T13:01:18+00:00","article_modified_time":"2025-04-08T13:11:44+00:00","og_image":[{"width":2142,"height":1428,"url":"https:\/\/blog.valamar.com\/wp-content\/uploads\/2024\/08\/P9248819_t.jpg","type":"image\/jpeg"}],"author":"ValamArtists","twitter_card":"summary_large_image","twitter_creator":"@valamarhotels","twitter_misc":{"Verfasst von":"ValamArtists","Gesch\u00e4tzte Lesezeit":"8\u00a0Minuten"},"schema":{"@context":"https:\/\/schema.org","@graph":[{"@type":"WebPage","@id":"https:\/\/blog.valamar.com\/de\/veranstaltungen-in-kroatien-die-sie-im-august-und-september-unbedingt-besuchen-sollten\/","url":"https:\/\/blog.valamar.com\/de\/veranstaltungen-in-kroatien-die-sie-im-august-und-september-unbedingt-besuchen-sollten\/","name":"Veranstaltungen in Kroatien, die Sie im August und September unbedingt besuchen sollten - Immer Meer. Kroatien.","isPartOf":{"@id":"https:\/\/blog.valamar.com\/de\/#website"},"primaryImageOfPage":{"@id":"https:\/\/blog.valamar.com\/de\/veranstaltungen-in-kroatien-die-sie-im-august-und-september-unbedingt-besuchen-sollten\/#primaryimage"},"image":{"@id":"https:\/\/blog.valamar.com\/de\/veranstaltungen-in-kroatien-die-sie-im-august-und-september-unbedingt-besuchen-sollten\/#primaryimage"},"thumbnailUrl":"https:\/\/blog.valamar.com\/wp-content\/uploads\/2024\/08\/P9248819_t.jpg","datePublished":"2024-08-13T13:01:18+00:00","dateModified":"2025-04-08T13:11:44+00:00","author":{"@id":"https:\/\/blog.valamar.com\/de\/#\/schema\/person\/f025362883cb4987e5a6b05daf2d058d"},"description":"Kroatien, mit seiner atemberaubenden Adriak\u00fcste und seinem reichen Kulturerbe, ist ein erstklassiges Reiseziel f\u00fcr unvergessliche Veranstaltungen von August bis in den Sp\u00e4tsommer. Vom Filmfestival bis zum maritimen Traditionsfest bietet Kroatien eine Vielzahl an Erlebnism\u00f6glichkeiten!","breadcrumb":{"@id":"https:\/\/blog.valamar.com\/de\/veranstaltungen-in-kroatien-die-sie-im-august-und-september-unbedingt-besuchen-sollten\/#breadcrumb"},"inLanguage":"de","potentialAction":[{"@type":"ReadAction","target":["https:\/\/blog.valamar.com\/de\/veranstaltungen-in-kroatien-die-sie-im-august-und-september-unbedingt-besuchen-sollten\/"]}]},{"@type":"ImageObject","inLanguage":"de","@id":"https:\/\/blog.valamar.com\/de\/veranstaltungen-in-kroatien-die-sie-im-august-und-september-unbedingt-besuchen-sollten\/#primaryimage","url":"https:\/\/blog.valamar.com\/wp-content\/uploads\/2024\/08\/P9248819_t.jpg","contentUrl":"https:\/\/blog.valamar.com\/wp-content\/uploads\/2024\/08\/P9248819_t.jpg","width":2142,"height":1428,"caption":"OLYMPUS DIGITAL CAMERA"},{"@type":"BreadcrumbList","@id":"https:\/\/blog.valamar.com\/de\/veranstaltungen-in-kroatien-die-sie-im-august-und-september-unbedingt-besuchen-sollten\/#breadcrumb","itemListElement":[{"@type":"ListItem","position":1,"name":"Home","item":"https:\/\/blog.valamar.com\/de\/"},{"@type":"ListItem","position":2,"name":"Veranstaltungen in Kroatien, die Sie im August und September unbedingt besuchen sollten"}]},{"@type":"WebSite","@id":"https:\/\/blog.valamar.com\/de\/#website","url":"https:\/\/blog.valamar.com\/de\/","name":"Immer Meer. Kroatien.","description":"Blog \u00fcber einen perfekten Urlaub in Kroatien","potentialAction":[{"@type":"SearchAction","target":{"@type":"EntryPoint","urlTemplate":"https:\/\/blog.valamar.com\/de\/?s={search_term_string}"},"query-input":{"@type":"PropertyValueSpecification","valueRequired":true,"valueName":"search_term_string"}}],"inLanguage":"de"},{"@type":"Person","@id":"https:\/\/blog.valamar.com\/de\/#\/schema\/person\/f025362883cb4987e5a6b05daf2d058d","name":"ValamArtists","image":{"@type":"ImageObject","inLanguage":"de","@id":"https:\/\/blog.valamar.com\/de\/#\/schema\/person\/image\/","url":"https:\/\/blog.valamar.com\/wp-content\/uploads\/2024\/10\/shell-color-1-120x120.png","contentUrl":"https:\/\/blog.valamar.com\/wp-content\/uploads\/2024\/10\/shell-color-1-120x120.png","caption":"ValamArtists"},"description":"Bloggers, journalists, tourist guides, artists, entertainers and all kinds of hospitality experts and enthusiasts have gathered under the ValamArtists handle to lovingly bring you the best out of the Croatian holiday experience. Enjoy the ride!","sameAs":["http:\/\/valamar.com","https:\/\/web.facebook.com\/ValamarHotels.Resorts\/","https:\/\/www.instagram.com\/valamarhotels","https:\/\/www.linkedin.com\/company\/valamar","https:\/\/x.com\/valamarhotels","https:\/\/www.youtube.com\/channel\/UCZakC_wzU5Xl9h37Ur39Fgw"]}]}},"_links":{"self":[{"href":"https:\/\/blog.valamar.com\/de\/wp-json\/wp\/v2\/posts\/11896","targetHints":{"allow":["GET"]}}],"collection":[{"href":"https:\/\/blog.valamar.com\/de\/wp-json\/wp\/v2\/posts"}],"about":[{"href":"https:\/\/blog.valamar.com\/de\/wp-json\/wp\/v2\/types\/post"}],"author":[{"embeddable":true,"href":"https:\/\/blog.valamar.com\/de\/wp-json\/wp\/v2\/users\/8"}],"replies":[{"embeddable":true,"href":"https:\/\/blog.valamar.com\/de\/wp-json\/wp\/v2\/comments?post=11896"}],"version-history":[{"count":6,"href":"https:\/\/blog.valamar.com\/de\/wp-json\/wp\/v2\/posts\/11896\/revisions"}],"predecessor-version":[{"id":14336,"href":"https:\/\/blog.valamar.com\/de\/wp-json\/wp\/v2\/posts\/11896\/revisions\/14336"}],"wp:featuredmedia":[{"embeddable":true,"href":"https:\/\/blog.valamar.com\/de\/wp-json\/wp\/v2\/media\/11871"}],"wp:attachment":[{"href":"https:\/\/blog.valamar.com\/de\/wp-json\/wp\/v2\/media?parent=11896"}],"wp:term":[{"taxonomy":"category","embeddable":true,"href":"https:\/\/blog.valamar.com\/de\/wp-json\/wp\/v2\/categories?post=11896"},{"taxonomy":"post_tag","embeddable":true,"href":"https:\/\/blog.valamar.com\/de\/wp-json\/wp\/v2\/tags?post=11896"}],"curies":[{"name":"wp","href":"https:\/\/api.w.org\/{rel}","templated":true}]}}